{"id":5451,"date":"2022-09-01T12:41:13","date_gmt":"2022-09-01T10:41:13","guid":{"rendered":"https:\/\/www.areabesos.com\/diario\/?p=5451"},"modified":"2022-09-01T12:41:14","modified_gmt":"2022-09-01T10:41:14","slug":"47-millones-de-violables-y-uno-que-no-lo-es","status":"publish","type":"post","link":"https:\/\/www.areabesos.com\/diario\/47-millones-de-violables-y-uno-que-no-lo-es\/","title":{"rendered":"47 millones de violables y uno que no lo es"},"content":{"rendered":"\n<p>De repente pienso en los tres \u00fanicos espa\u00f1oles que han ocupado de manera sucesiva el mismo cargo pol\u00edtico desde 1939, disfrutando de una protecci\u00f3n tal que pod\u00edan y siguen pudiendo cometer cualquier delito, por execrable que sea. La Justicia no investig\u00f3 a los dos primeros ni investigar\u00e1 al actual, pues no podr\u00eda condenarlos, aunque fueran culpables.<\/p>\n\n\n\n<p>Sobra poner los nombres de estos tres privilegiados. Basta recordar que el primero falleci\u00f3 en 1975, el segundo reside en Abu Dabi y el vigente, su hijo, contin\u00faa en el Palacio de la Zarzuela.<\/p>\n\n\n\n<p>Por tanto, he repasado mi propio curr\u00edculum escribiente y he comprobado que, de los 821 art\u00edculos diferentes que los medios han tenido la amabilidad de publicarme desde 2012, s\u00f3lo en seis de sus t\u00edtulos he incluido las palabras \u201cinviolable\u201d o \u201cinviolabilidad\u201d, un 0,7% del total, lo que me permite confirmar que estoy lejos de padecer una de esas obsesiones que tanto pesimismo provocan cuando no consiguen lo que buscan.<\/p>\n\n\n\n<p>En cambio, en ninguno de los t\u00edtulos de esos 821 art\u00edculos escrib\u00ed las palabras \u201cviolable\u201d ni \u201cviolabilidad\u201d, ni en singular ni en plural. Pensaba anoche que tal discriminaci\u00f3n terminol\u00f3gica podr\u00eda deberse al hecho de que, cada vez que lo intento, mi procesador de textos (probablemente el m\u00e1s utilizado del mundo) las marca siempre en rojo para avisarme de que son palabras que no existen.<\/p>\n\n\n\n<p>Le di otra vuelta de tuerca a la duda y pens\u00e9 que quiz\u00e1s ese \u201crojo\u201d consegu\u00eda asustar a mi subconsciente, aconsej\u00e1ndome subrepticiamente que, si lo hac\u00eda, ser\u00eda prueba suficiente de una osad\u00eda que, animada por la libertad de expresi\u00f3n vigente, podr\u00eda convertirse en motivo bastante de represi\u00f3n cuando en Espa\u00f1a vuelvan a fusilar por opiniones vertidas en el pasado (es decir, hoy) pero que no coincidieran con las del nuevo dictador que podr\u00eda mandar en un futuro del que, ni sabemos cu\u00e1nto pueda tardar en llegar, ni tampoco lo que se pueda parecer al gobernado por el primer inviolable de los tres citados al principio.<\/p>\n\n\n\n<p>Abro par\u00e9ntesis para invitarle a usted, que sigue ante estas letras, a que teclee las palabras \u201cviolable\u201d o \u201cviolabilidad\u201d para comprobar si tambi\u00e9n se enrojecen en su pantalla y, adem\u00e1s, a que las escriba en la sede virtual de la autoridad competente, del idioma espa\u00f1ol, por supuesto, a ver si tiene suerte y le responden algo que no sea \u201cNo existe\u201d.<\/p>\n\n\n\n<p>Puesto a buscar excusas para minimizar riesgos futuros, anoche era 30 de agosto de 2022 y me dirig\u00ed a la Fund\u00e9u-RAE con la siguiente consulta:<\/p>\n\n\n\n<p>\u201c\u00bf<em>Por qu\u00e9 aparece en el Diccionario la palabra \u201cinviolable\u201d pero no \u201cviolable<\/em>?\u201d<\/p>\n\n\n\n<p>La Fund\u00e9u-RAE funciona y la respuesta no se hizo esperar, llegando a las 08:22 de hoy mismo, 31 de agosto:<\/p>\n\n\n\n<p>\u201c<em>Probablemente porque se usa relativamente poco. Tiene informaci\u00f3n en<\/em>:<\/p>\n\n\n\n<p><a href=\"https:\/\/www.wikilengua.org\/index.php\/Diccionario_de_la_lengua_espa%C3%B1ola#T.C3.A9rminos_incluidos\">https:\/\/www.wikilengua.org\/index.php\/Diccionario_de_la_lengua_espa%C3%B1ola#T.C3.A9rminos_incluidos<\/a><\/p>\n\n\n\n<p><em>Saludos cordiales<\/em>.\u201d<\/p>\n\n\n\n<p>Por una parte, si se trata de palabras poco usadas pero que s\u00ed aparecen en el diccionario de la RAE, sin el menor esfuerzo podemos citar \u201cbahorrina\u201d, \u201clobanillo\u201d o \u201czonzo\u201d, de las que no recuerdo a nadie que las haya pronunciado durante los \u00faltimos 70 a\u00f1os, y menos yo, y cuyos significados acabo de descubrir en el mismo diccionario que le niega una definici\u00f3n a \u201cviolable\u201d.<\/p>\n\n\n\n<p>Por lo dem\u00e1s, y, salvo error, en el enlace facilitado no aparece referencia alguna a las palabras \u201cinviolable\u201d o \u201cviolable\u201d y, adem\u00e1s, se da el agravante de que \u201cinviolable\u201d es una de las escasas palabras para las que la autoridad competente citada no reconoce la existencia de su par sin el \u201cin\u201d delante. Por ejemplo, nadie emplear\u00eda \u201cincierto\u201d si no existiera \u201ccierto\u201d o \u201cindefendible\u201d sin pensar en \u201cdefendible\u201d, y muchas m\u00e1s.<\/p>\n\n\n\n<p>No buscar\u00e9 la ley, si es que la hubo, que aseguraba la inviolabilidad del primero de los tres inviolables citados, el que viv\u00eda en el Palacio del Pardo, pues la historia ha demostrado que, al igual que con los dos siguientes, ning\u00fan juez espa\u00f1ol hubiera iniciado contra ellos ninguna instrucci\u00f3n, ante la evidencia de que nunca podr\u00eda sentarlos en el banquillo de los acusados.<\/p>\n\n\n\n<p>Como este asunto no acabar\u00e1 aqu\u00ed, en defensa del idioma, en contra de las autoridades que eliminan del diccionario palabras inc\u00f3modas con excusas de mal pagador y a favor de que las leyes no incluyan mentiras y trampas, ahora que los \u201chijos\u201d y los \u201cnietos\u201d de quienes fueron los \u201cpadres\u201d de la Constituci\u00f3n del 78 est\u00e1n con el debate de si sacar o no del art\u00edculo 49 la palabra \u201cdisminuido\u201d, aprovechen para quitar la de \u201cinviolable\u201d del 56.3 o, si deciden mantenerla, redacten el art\u00edculo 14 de la siguiente manera:<\/p>\n\n\n\n<p>\u201cLos espa\u00f1oles son igualmente violables ante la ley, salvo lo dispuesto en el T\u00edtulo II en beneficio exclusivo del rey de Espa\u00f1a, que podr\u00e1 hacer siempre lo que le d\u00e9 la gana\u201d.<\/p>\n","protected":false},"excerpt":{"rendered":"<p>De repente pienso en los tres \u00fanicos espa\u00f1oles que han ocupado de manera sucesiva el mismo cargo pol\u00edtico desde 1939, disfrutando de una protecci\u00f3n tal que pod\u00edan y siguen pudiendo cometer cualquier delito, por execrable que sea. La Justicia no investig\u00f3 a los dos primeros ni investigar\u00e1 al actual, pues no podr\u00eda condenarlos, aunque fueran [&hellip;]<\/p>\n","protected":false},"author":2,"featured_media":1632,"comment_status":"open","ping_status":"open","sticky":false,"template":"","format":"standard","meta":{"footnotes":""},"categories":[139],"tags":[],"class_list":{"0":"post-5451","1":"post","2":"type-post","3":"status-publish","4":"format-standard","5":"has-post-thumbnail","7":"category-opinio"},"_links":{"self":[{"href":"https:\/\/www.areabesos.com\/diario\/wp-json\/wp\/v2\/posts\/5451","targetHints":{"allow":["GET"]}}],"collection":[{"href":"https:\/\/www.areabesos.com\/diario\/wp-json\/wp\/v2\/posts"}],"about":[{"href":"https:\/\/www.areabesos.com\/diario\/wp-json\/wp\/v2\/types\/post"}],"author":[{"embeddable":true,"href":"https:\/\/www.areabesos.com\/diario\/wp-json\/wp\/v2\/users\/2"}],"replies":[{"embeddable":true,"href":"https:\/\/www.areabesos.com\/diario\/wp-json\/wp\/v2\/comments?post=5451"}],"version-history":[{"count":1,"href":"https:\/\/www.areabesos.com\/diario\/wp-json\/wp\/v2\/posts\/5451\/revisions"}],"predecessor-version":[{"id":5452,"href":"https:\/\/www.areabesos.com\/diario\/wp-json\/wp\/v2\/posts\/5451\/revisions\/5452"}],"wp:featuredmedia":[{"embeddable":true,"href":"https:\/\/www.areabesos.com\/diario\/wp-json\/wp\/v2\/media\/1632"}],"wp:attachment":[{"href":"https:\/\/www.areabesos.com\/diario\/wp-json\/wp\/v2\/media?parent=5451"}],"wp:term":[{"taxonomy":"category","embeddable":true,"href":"https:\/\/www.areabesos.com\/diario\/wp-json\/wp\/v2\/categories?post=5451"},{"taxonomy":"post_tag","embeddable":true,"href":"https:\/\/www.areabesos.com\/diario\/wp-json\/wp\/v2\/tags?post=5451"}],"curies":[{"name":"wp","href":"https:\/\/api.w.org\/{rel}","templated":true}]}}