{"id":5449,"date":"2022-08-30T09:49:00","date_gmt":"2022-08-30T07:49:00","guid":{"rendered":"https:\/\/www.areabesos.com\/diario\/?p=5449"},"modified":"2022-08-30T13:50:20","modified_gmt":"2022-08-30T11:50:20","slug":"cap-a-on-anem","status":"publish","type":"post","link":"https:\/\/www.areabesos.com\/diario\/cap-a-on-anem\/","title":{"rendered":"Cap a on anem"},"content":{"rendered":"\n<p>Ja ens han informat que en el m\u00f3n hi ha m\u00e9s avis que nets,\u00a0tamb\u00e9 ens han dit que en el 2500,\u00a02800 en el m\u00f3n hi haur\u00e0 la meitat de la\u00a0poblaci\u00f3. Estem\u00a0lluitant contra la contaminaci\u00f3 i les energies, ja que \u00e9s el que a curt termini \u00e9s el que m\u00e9s ens preocupa,\u00a0el problema \u00e9s que sempre treballem a curt termini,\u00a0perqu\u00e8\u00a0en aquestes dates que passaran aquestes noves condicions,\u00a0cap dels quals estem,\u00a0no ens interessa el que pass\u00e9s i molt menys ens preocupa. Segurament es\u00a0crear\u00e0\u00a0la selecci\u00f3 artificial,\u00a0em refereixo a l&#8217;alteraci\u00f3 dels nostres gens,\u00a0serem o millor dit,\u00a0seran\u00a0m\u00e9s\u00a0forts,\u00a0m\u00e9s\u00a0intel\u00b7ligents i perqu\u00e8 no,\u00a0m\u00e9s\u00a0macos. Els augments de temperatura i canvis clim\u00e0tics,\u00a0per deterioraci\u00f3 de la capa d&#8217;oz\u00f3 fessin canvis en\u00a0la nostra\u00a0pell que s&#8217;enfosqu\u00eds com una necessitat de protecci\u00f3. Ja\u00a0ser\u00e0 igual\u00a0ser blanc que negre Moltes coses canviessin\u00a0m\u00e9s, per\u00f2\u00a0suposo que si es comentessin entrar\u00edem en la ci\u00e8ncia-ficci\u00f3 per alguns. No\u00a0s\u00e9\u00a0si existir\u00e0, la pol\u00edtica,\u00a0els ajuntaments,\u00a0les comunitats,\u00a0autonomies,\u00a0els partits pol\u00edtics,\u00a0i altres coses que en l&#8217;actualitat ning\u00fa s&#8217;atreveix a\u00a0pensar. Bo\u00a0millor deixar-ho aqu\u00ed i ja\u00a0arribar\u00e0\u00a0per a b\u00e9 o per a\u00a0malament.<\/p>\n\n\n\n<p><span style=\"background-color:#080000\" class=\"td_text_highlight_marker\">Josep Meg\u00edas<\/span><\/p>\n","protected":false},"excerpt":{"rendered":"<p>Ja ens han informat que en el m\u00f3n hi ha m\u00e9s avis que nets,\u00a0tamb\u00e9 ens han dit que en el 2500,\u00a02800 en el m\u00f3n hi haur\u00e0 la meitat de la\u00a0poblaci\u00f3. Estem\u00a0lluitant contra la contaminaci\u00f3 i les energies, ja que \u00e9s el que a curt termini \u00e9s el que m\u00e9s ens preocupa,\u00a0el problema \u00e9s que sempre [&hellip;]<\/p>\n","protected":false},"author":2,"featured_media":1599,"comment_status":"open","ping_status":"open","sticky":false,"template":"","format":"standard","meta":{"footnotes":""},"categories":[139],"tags":[],"class_list":{"0":"post-5449","1":"post","2":"type-post","3":"status-publish","4":"format-standard","5":"has-post-thumbnail","7":"category-opinio"},"_links":{"self":[{"href":"https:\/\/www.areabesos.com\/diario\/wp-json\/wp\/v2\/posts\/5449","targetHints":{"allow":["GET"]}}],"collection":[{"href":"https:\/\/www.areabesos.com\/diario\/wp-json\/wp\/v2\/posts"}],"about":[{"href":"https:\/\/www.areabesos.com\/diario\/wp-json\/wp\/v2\/types\/post"}],"author":[{"embeddable":true,"href":"https:\/\/www.areabesos.com\/diario\/wp-json\/wp\/v2\/users\/2"}],"replies":[{"embeddable":true,"href":"https:\/\/www.areabesos.com\/diario\/wp-json\/wp\/v2\/comments?post=5449"}],"version-history":[{"count":1,"href":"https:\/\/www.areabesos.com\/diario\/wp-json\/wp\/v2\/posts\/5449\/revisions"}],"predecessor-version":[{"id":5450,"href":"https:\/\/www.areabesos.com\/diario\/wp-json\/wp\/v2\/posts\/5449\/revisions\/5450"}],"wp:featuredmedia":[{"embeddable":true,"href":"https:\/\/www.areabesos.com\/diario\/wp-json\/wp\/v2\/media\/1599"}],"wp:attachment":[{"href":"https:\/\/www.areabesos.com\/diario\/wp-json\/wp\/v2\/media?parent=5449"}],"wp:term":[{"taxonomy":"category","embeddable":true,"href":"https:\/\/www.areabesos.com\/diario\/wp-json\/wp\/v2\/categories?post=5449"},{"taxonomy":"post_tag","embeddable":true,"href":"https:\/\/www.areabesos.com\/diario\/wp-json\/wp\/v2\/tags?post=5449"}],"curies":[{"name":"wp","href":"https:\/\/api.w.org\/{rel}","templated":true}]}}