{"id":5446,"date":"2022-08-30T11:29:04","date_gmt":"2022-08-30T09:29:04","guid":{"rendered":"https:\/\/www.areabesos.com\/diario\/?p=5446"},"modified":"2022-08-30T11:29:05","modified_gmt":"2022-08-30T09:29:05","slug":"el-casal-dalt-de-la-vila-acull-lexposicio-llibertats-perdudes","status":"publish","type":"post","link":"https:\/\/www.areabesos.com\/diario\/el-casal-dalt-de-la-vila-acull-lexposicio-llibertats-perdudes\/","title":{"rendered":"El Casal Dalt de la Vila acull l&#8217;exposici\u00f3 \u00abLlibertats perdudes\u00bb"},"content":{"rendered":"\n<p>De l&#8217;1 al 30 de setembre, el Casal Dalt de la Vila, a la pla\u00e7a de l&#8217;Esgl\u00e9sia, 13, acull l&#8217;exposici\u00f3 \u00abLlibertat perdudes\u00bb, una exposici\u00f3 organitzada per l\u2019associaci\u00f3 Catalunya Mirades Solid\u00e0ries, entitat sense \u00e0nim de lucre que promou la solidaritat i la defensa dels drets humans a trav\u00e9s de la fotografia. La mostra t\u00e9 com objectiu reflexionar sobre la vulneraci\u00f3 i el retroc\u00e9s dels drets humans a l&#8217;actualitat.<\/p>\n\n\n\n<p>Fot\u00f2grafs de reconegut prestigi i noves promeses han cedit imatges per a aquesta causa solid\u00e0ria. S\u00f3n mirades de solidaritat, den\u00fancia, esperan\u00e7a, tendresa o voluntat de just\u00edcia expressades en diferents estils i proced\u00e8ncies. Hi col\u00b7laboren, amb les seves reflexions i comentaris, destacats representants de la societat civil. Manuscrits d\u2019una seixantena de persones vinculades al m\u00f3n de les arts, les ci\u00e8ncies, la judicatura, el periodisme, el sindicalisme, l\u2019empresa, la pol\u00edtica, l\u2019activisme, la solidaritat o l\u2019ensenyament. S\u00f3n textos de den\u00fancia, expressions de desig o d\u2019esperan\u00e7a, de vegades ir\u00f2nics, de vegades m\u00e9s literaris o po\u00e8tics. Acompanya cada imatge un comentari manuscrit. Una obra \u00fanica on la paraula i la imatge s\u2019uneixen i donen forma a un discurs propi.<\/p>\n\n\n\n<p>L&#8217;exposici\u00f3 \u00abLlibertats perdudes\u00bb es podr\u00e0 veure al Casal Dalt de la Vila de l&#8217;<strong>1 al 30 de setembre<\/strong>. El dia <strong>6 de setembre a les 19h<\/strong>. ser\u00e0 la inauguraci\u00f3 a c\u00e0rrec de membres de l&#8217;associaci\u00f3 Catalunya Mirades Solid\u00e0ries.<\/p>\n","protected":false},"excerpt":{"rendered":"<p>De l&#8217;1 al 30 de setembre, el Casal Dalt de la Vila, a la pla\u00e7a de l&#8217;Esgl\u00e9sia, 13, acull l&#8217;exposici\u00f3 \u00abLlibertat perdudes\u00bb, una exposici\u00f3 organitzada per l\u2019associaci\u00f3 Catalunya Mirades Solid\u00e0ries, entitat sense \u00e0nim de lucre que promou la solidaritat i la defensa dels drets humans a trav\u00e9s de la fotografia. La mostra t\u00e9 com objectiu [&hellip;]<\/p>\n","protected":false},"author":1,"featured_media":5447,"comment_status":"open","ping_status":"open","sticky":false,"template":"","format":"standard","meta":{"footnotes":""},"categories":[134,136],"tags":[],"class_list":{"0":"post-5446","1":"post","2":"type-post","3":"status-publish","4":"format-standard","5":"has-post-thumbnail","7":"category-actualitat","8":"category-cultura"},"_links":{"self":[{"href":"https:\/\/www.areabesos.com\/diario\/wp-json\/wp\/v2\/posts\/5446","targetHints":{"allow":["GET"]}}],"collection":[{"href":"https:\/\/www.areabesos.com\/diario\/wp-json\/wp\/v2\/posts"}],"about":[{"href":"https:\/\/www.areabesos.com\/diario\/wp-json\/wp\/v2\/types\/post"}],"author":[{"embeddable":true,"href":"https:\/\/www.areabesos.com\/diario\/wp-json\/wp\/v2\/users\/1"}],"replies":[{"embeddable":true,"href":"https:\/\/www.areabesos.com\/diario\/wp-json\/wp\/v2\/comments?post=5446"}],"version-history":[{"count":1,"href":"https:\/\/www.areabesos.com\/diario\/wp-json\/wp\/v2\/posts\/5446\/revisions"}],"predecessor-version":[{"id":5448,"href":"https:\/\/www.areabesos.com\/diario\/wp-json\/wp\/v2\/posts\/5446\/revisions\/5448"}],"wp:featuredmedia":[{"embeddable":true,"href":"https:\/\/www.areabesos.com\/diario\/wp-json\/wp\/v2\/media\/5447"}],"wp:attachment":[{"href":"https:\/\/www.areabesos.com\/diario\/wp-json\/wp\/v2\/media?parent=5446"}],"wp:term":[{"taxonomy":"category","embeddable":true,"href":"https:\/\/www.areabesos.com\/diario\/wp-json\/wp\/v2\/categories?post=5446"},{"taxonomy":"post_tag","embeddable":true,"href":"https:\/\/www.areabesos.com\/diario\/wp-json\/wp\/v2\/tags?post=5446"}],"curies":[{"name":"wp","href":"https:\/\/api.w.org\/{rel}","templated":true}]}}