{"id":5443,"date":"2022-08-30T11:13:31","date_gmt":"2022-08-30T09:13:31","guid":{"rendered":"https:\/\/www.areabesos.com\/diario\/?p=5443"},"modified":"2022-08-30T11:13:32","modified_gmt":"2022-08-30T09:13:32","slug":"la-sed-del-agua","status":"publish","type":"post","link":"https:\/\/www.areabesos.com\/diario\/la-sed-del-agua\/","title":{"rendered":"La sed del agua"},"content":{"rendered":"\n<p>El agua es una met\u00e1fora del tiempo comentaba Borges; se escribe \u201ceternidad\u201d en lengua china. Estamos hechos de nubes, cantaba Pablo Guerrero, de agua por todas partes, como todo lo que comemos, como esta naturaleza imprescindible que nos rodea, espejo de un lugar sano y justo.<\/p>\n\n\n\n<p>Pero ahora se est\u00e1 ahogando, su despilfarro, desde lo dom\u00e9stico hasta la agricultura intensiva e ilegal hiere de muerte las lagunas y los deltas, mares menores y trasvases. El crecimiento sostenible es un t\u00f3pico publicitario -puro marketing- denunciaba Jos\u00e9 Luis Sampedro. Peligrosamente tildado de ecol\u00f3gico, acelera las desigualdades, abarata lo humano con camuflada planificaci\u00f3n autoritaria. Con su conductismo tecnol\u00f3gico y depredador, socializa las p\u00e9rdidas con los Estados. El nuevo fascismo, advert\u00eda Orwell, se vestir\u00e1 con banderas de libertad. Tras una desinformaci\u00f3n nada ingenua, se despliega un repertorio de agresiones muy concretas de las que nos enteramos poco; cientos de problemas escondidos entre sus muchas habilidades: se gastan millonadas en pagar medios de comunicaci\u00f3n para que se hablen bien de sus actividades, las m\u00e1s contaminantes. Invierten en reputaci\u00f3n mientras tapan sus desfalcos consentidos: aver\u00edas en las conducciones, pozos ilegales, embalses que destruyen\u2026 La verdad m\u00e1s grande convertida en mentira.<\/p>\n\n\n\n<p>La realidad m\u00e1s sedienta de este planeta ha extraviado el sentido mismo de la vida. Torturada durante d\u00e9cadas, secuestrada, envenenada, mercantilizada y&nbsp; saqueada, la aut\u00e9ntica sed es la que ve c\u00f3mo se secan los paisajes, c\u00f3mo se van perdiendo las oportunidades. Tiene el agua sed de democracia, de transparencia, de libertad, de usos ajustados a las necesidades de la poblaci\u00f3n y no al descalabro de los derroches permitidos y que s\u00f3lo perciben unos cuantos.<\/p>\n\n\n\n<p>Ya casi todo tiene sed, lo m\u00e1s sediento de este mundo es el agua misma. Demos de beber a este milagro que piensa, insiste Joaqu\u00edn Araujo, que sue\u00f1a una civilizaci\u00f3n inteligente que sustituye las torpezas de la mente gris por el verde ox\u00edgeno. Esa que discurre por los r\u00edos y que impregna las ra\u00edces de los bosques es infinitamente m\u00e1s importante y m\u00e1s productiva que cualquiera que est\u00e9 sometida; acudir a su encuentro ser\u00e1 invertir en conciencia para llegar a ser felices. Darle de beber ser\u00e1 una buena idea para que nos regale otros futuros que sientan y recuerden.<\/p>\n\n\n\n<p>Precisamos l\u00edderes que sepan poner a buen recaudo este poder y, por tanto, defendernos de las injusticias. Propone Stefano Mancuso que la organizaci\u00f3n de las plantas es un gran modelo pol\u00edtico a seguir. S\u00ed, nuevos l\u00edderes que nos traigan otras f\u00f3rmulas de abundancia creativa, solidaria en las relaciones, en los cuidados, en el intercambio de saberes para tocar la dignidad.&nbsp;<\/p>\n\n\n\n<p>A mediados del siglo pasado, en los c\u00edrculos intelectuales hab\u00eda quienes como Einstein o Fermi, tem\u00edan por las limitaciones que la ciencia pudiera tener para hacerse comprender; cuando se llega a \u00a0este punto, reflexionaban, s\u00f3lo queda la poes\u00eda. <\/p>\n\n\n\n<p><span style=\"background-color:#0c0000\" class=\"td_text_highlight_marker\">Francesc Reina<\/span><\/p>\n","protected":false},"excerpt":{"rendered":"<p>El agua es una met\u00e1fora del tiempo comentaba Borges; se escribe \u201ceternidad\u201d en lengua china. Estamos hechos de nubes, cantaba Pablo Guerrero, de agua por todas partes, como todo lo que comemos, como esta naturaleza imprescindible que nos rodea, espejo de un lugar sano y justo. Pero ahora se est\u00e1 ahogando, su despilfarro, desde lo [&hellip;]<\/p>\n","protected":false},"author":2,"featured_media":5444,"comment_status":"open","ping_status":"open","sticky":false,"template":"","format":"standard","meta":{"footnotes":""},"categories":[139],"tags":[],"class_list":{"0":"post-5443","1":"post","2":"type-post","3":"status-publish","4":"format-standard","5":"has-post-thumbnail","7":"category-opinio"},"_links":{"self":[{"href":"https:\/\/www.areabesos.com\/diario\/wp-json\/wp\/v2\/posts\/5443","targetHints":{"allow":["GET"]}}],"collection":[{"href":"https:\/\/www.areabesos.com\/diario\/wp-json\/wp\/v2\/posts"}],"about":[{"href":"https:\/\/www.areabesos.com\/diario\/wp-json\/wp\/v2\/types\/post"}],"author":[{"embeddable":true,"href":"https:\/\/www.areabesos.com\/diario\/wp-json\/wp\/v2\/users\/2"}],"replies":[{"embeddable":true,"href":"https:\/\/www.areabesos.com\/diario\/wp-json\/wp\/v2\/comments?post=5443"}],"version-history":[{"count":1,"href":"https:\/\/www.areabesos.com\/diario\/wp-json\/wp\/v2\/posts\/5443\/revisions"}],"predecessor-version":[{"id":5445,"href":"https:\/\/www.areabesos.com\/diario\/wp-json\/wp\/v2\/posts\/5443\/revisions\/5445"}],"wp:featuredmedia":[{"embeddable":true,"href":"https:\/\/www.areabesos.com\/diario\/wp-json\/wp\/v2\/media\/5444"}],"wp:attachment":[{"href":"https:\/\/www.areabesos.com\/diario\/wp-json\/wp\/v2\/media?parent=5443"}],"wp:term":[{"taxonomy":"category","embeddable":true,"href":"https:\/\/www.areabesos.com\/diario\/wp-json\/wp\/v2\/categories?post=5443"},{"taxonomy":"post_tag","embeddable":true,"href":"https:\/\/www.areabesos.com\/diario\/wp-json\/wp\/v2\/tags?post=5443"}],"curies":[{"name":"wp","href":"https:\/\/api.w.org\/{rel}","templated":true}]}}