{"id":5433,"date":"2022-08-18T11:05:00","date_gmt":"2022-08-18T09:05:00","guid":{"rendered":"https:\/\/www.areabesos.com\/diario\/?p=5433"},"modified":"2022-08-30T11:06:09","modified_gmt":"2022-08-30T09:06:09","slug":"lautomobil-el-culpable-de-la-contaminacio","status":"publish","type":"post","link":"https:\/\/www.areabesos.com\/diario\/lautomobil-el-culpable-de-la-contaminacio\/","title":{"rendered":"L&#8217;autom\u00f2bil,\u00a0el\u00a0culpable de la contaminaci\u00f3?"},"content":{"rendered":"\n<p>Sembla que\u00a0l&#8217;autom\u00f2bil \u00e9s el culpable de tots els mals d&#8217;aquesta contaminaci\u00f3. Paga per impost de circulaci\u00f3,\u00a0paga per\u00a0CO2\u2082, paga per ITV,\u00a0paga per canvis de nom, paga\u00a0per renovaci\u00f3 de carnet, paga\u00a0pels impostos de gasolina i paga pels recanvis 5 vegades m\u00e9s del seu cost de fabricaci\u00f3,\u00a0paga per impost de luxe. \u00c9s la m\u00e0quina de recaptar m\u00e9s diners i impostos per a l&#8217;estat. Sembla\u00a0que han decidit acabar amb l&#8217;automobilisme. Ning\u00fa\u00a0s&#8217;explica com la DGT,\u00a0despr\u00e9s de pagar tots aquests impostos han decidit que no circulin per uns certs llocs,\u00a0que cada vegada seran\u00a0m\u00e9s, fins\u00a0i tot sent autoritzats per la ITV perqu\u00e8\u00a0circulin. La\u00a0cosa no acaba aqu\u00ed,\u00a0ara no\u00a0podran\u00a0circular a la nit els que no tinguin encesa autom\u00e0tica acoblada en els seus vehicles.\u00a0Segurament la DGT mira per la nostra seguretat,\u00a0per\u00f2 l&#8217;es amaga\u00a0\u00e9s l&#8217;imperi de la\u00a0recaptaci\u00f3. Quan\u00a0un es compra un vehicle de segona m\u00e0\u00a0,en\u00a0Estats Units\u00a0,surt matriculat i amb asseguran\u00e7a en el mateix dia,\u00a0aqu\u00ed cal passar per una burocr\u00e0cia que fa que les coses surtin m\u00e9s cares,\u00a0ja que en aquest pa\u00eds cal viure del \u00abconte\u00bb. Senyors\u00a0de la DGT si la ITV autoritza a circular,\u00a0que circulin,\u00a0la resta sobre,\u00a0anul\u00b7lin vost\u00e8s la ITV o retirin les prohibicions de circular.<\/p>\n\n\n\n<p><span style=\"background-color:#080000\" class=\"td_text_highlight_marker\">Josep Meg\u00edas<\/span><\/p>\n","protected":false},"excerpt":{"rendered":"<p>Sembla que\u00a0l&#8217;autom\u00f2bil \u00e9s el culpable de tots els mals d&#8217;aquesta contaminaci\u00f3. Paga per impost de circulaci\u00f3,\u00a0paga per\u00a0CO2\u2082, paga per ITV,\u00a0paga per canvis de nom, paga\u00a0per renovaci\u00f3 de carnet, paga\u00a0pels impostos de gasolina i paga pels recanvis 5 vegades m\u00e9s del seu cost de fabricaci\u00f3,\u00a0paga per impost de luxe. \u00c9s la m\u00e0quina de recaptar m\u00e9s diners [&hellip;]<\/p>\n","protected":false},"author":2,"featured_media":5434,"comment_status":"open","ping_status":"open","sticky":false,"template":"","format":"standard","meta":{"footnotes":""},"categories":[139],"tags":[],"class_list":{"0":"post-5433","1":"post","2":"type-post","3":"status-publish","4":"format-standard","5":"has-post-thumbnail","7":"category-opinio"},"_links":{"self":[{"href":"https:\/\/www.areabesos.com\/diario\/wp-json\/wp\/v2\/posts\/5433","targetHints":{"allow":["GET"]}}],"collection":[{"href":"https:\/\/www.areabesos.com\/diario\/wp-json\/wp\/v2\/posts"}],"about":[{"href":"https:\/\/www.areabesos.com\/diario\/wp-json\/wp\/v2\/types\/post"}],"author":[{"embeddable":true,"href":"https:\/\/www.areabesos.com\/diario\/wp-json\/wp\/v2\/users\/2"}],"replies":[{"embeddable":true,"href":"https:\/\/www.areabesos.com\/diario\/wp-json\/wp\/v2\/comments?post=5433"}],"version-history":[{"count":1,"href":"https:\/\/www.areabesos.com\/diario\/wp-json\/wp\/v2\/posts\/5433\/revisions"}],"predecessor-version":[{"id":5435,"href":"https:\/\/www.areabesos.com\/diario\/wp-json\/wp\/v2\/posts\/5433\/revisions\/5435"}],"wp:featuredmedia":[{"embeddable":true,"href":"https:\/\/www.areabesos.com\/diario\/wp-json\/wp\/v2\/media\/5434"}],"wp:attachment":[{"href":"https:\/\/www.areabesos.com\/diario\/wp-json\/wp\/v2\/media?parent=5433"}],"wp:term":[{"taxonomy":"category","embeddable":true,"href":"https:\/\/www.areabesos.com\/diario\/wp-json\/wp\/v2\/categories?post=5433"},{"taxonomy":"post_tag","embeddable":true,"href":"https:\/\/www.areabesos.com\/diario\/wp-json\/wp\/v2\/tags?post=5433"}],"curies":[{"name":"wp","href":"https:\/\/api.w.org\/{rel}","templated":true}]}}