{"id":5431,"date":"2022-08-11T10:56:00","date_gmt":"2022-08-11T08:56:00","guid":{"rendered":"https:\/\/www.areabesos.com\/diario\/?p=5431"},"modified":"2022-08-30T10:57:41","modified_gmt":"2022-08-30T08:57:41","slug":"colpejar-amb-fermesa","status":"publish","type":"post","link":"https:\/\/www.areabesos.com\/diario\/colpejar-amb-fermesa\/","title":{"rendered":"Colpejar amb fermesa"},"content":{"rendered":"\n<p>Carta al ministre d&#8217;exteriors,\u00a0J.M.ALBANES\u00a0-Sempre que li sento parlar sobre qualsevol tema\u00a0,em recorda a un capell\u00e0 del meu poble\u00a0,\u00a0tamb\u00e9 a un home de\u00a0pau. Em\u00a0recorda\u00a0tamb\u00e9\u00a0a uns cursets que ens donaven en\u00a0ESADE, sobre parlar d&#8217;un tema,\u00a0uns hav\u00edem de defensar-lo i altres atacar-lo\u00a0,encara que pens\u00e0vem\u00a0diferents. Aix\u00f2\u00a0avui dia\u00a0s&#8217;est\u00e0\u00a0aplicant en la\u00a0pol\u00edtica. Moltes\u00a0vegades voler defensar els problemes que tenim en l&#8217;actualitat i tractar-los\u00a0diplom\u00e0ticament, com vost\u00e8\u00a0cada dia\u00a0els planteja amb la mateixa forma,\u00a0tenen un recorregut molt curt,\u00a0segurament si s&#8217;aplica una soluci\u00f3 radical,\u00a0seria una soluci\u00f3\u00a0pitjor, ja que\u00a0haurien moltes morts,\u00a0per\u00f2 segurament acabar\u00edem amb el\u00a0problema. Em\u00a0refereixo a les morts que\u00a0est\u00e0\u00a0produint la guerra de Putin,\u00a0segurament aix\u00f2 nom\u00e9s\u00a0acabara\u00a0quan,\u00a0l&#8217;ell\u00a0decideixi. L&#8217;ONU va ser fundada fa\u00a075\u00a0anys en el m\u00f3n\u00a0,encarregada de vetllar per la\u00a0pau. Si\u00a0parlem de l&#8217;OTAN,\u00a0es considera com a seguretat de les nostres vides i benestar,\u00a0la finalitat \u00e9s garantir la llibertat i la seguretat dels pa\u00efsos membres per mitjans pol\u00edtics i militars -B\u00e9\u00a0en l&#8217;actualitat \u00e9s el moment de posar en marxa el que fins a hora era un projecte i transformar-lo en\u00a0realitat. Deixar-se de demag\u00f2gia i comen\u00e7ar a prendre decisions equivalents a les que s&#8217;estan\u00a0aplicant. Hi\u00a0ha un pa\u00eds que\u00a0est\u00e0\u00a0\u00abatacant\u00bb,\u00bbamena\u00e7ant\u00bb\u00a0,amb fam,\u00a0amb defici\u00e8ncies i subministraments als altres pa\u00efsos i ning\u00fa sap com combatre aquestes amenaces,\u00a0est\u00e0\u00a0morint molta gent i estem d&#8217;espectadors esperant que no ens arribi a\u00a0nosaltres. Si\u00a0no actuem, aix\u00f2 amb el temps\u00a0ser\u00e0\u00a0pitjor. Ja\u00a0\u00e9s hora de deixar de posar l&#8217;altra galta i colpejar amb\u00a0fermesa.<\/p>\n\n\n\n<p><span style=\"background-color:#0a0000\" class=\"td_text_highlight_marker\">Josep Meg\u00edas<\/span><\/p>\n","protected":false},"excerpt":{"rendered":"<p>Carta al ministre d&#8217;exteriors,\u00a0J.M.ALBANES\u00a0-Sempre que li sento parlar sobre qualsevol tema\u00a0,em recorda a un capell\u00e0 del meu poble\u00a0,\u00a0tamb\u00e9 a un home de\u00a0pau. Em\u00a0recorda\u00a0tamb\u00e9\u00a0a uns cursets que ens donaven en\u00a0ESADE, sobre parlar d&#8217;un tema,\u00a0uns hav\u00edem de defensar-lo i altres atacar-lo\u00a0,encara que pens\u00e0vem\u00a0diferents. Aix\u00f2\u00a0avui dia\u00a0s&#8217;est\u00e0\u00a0aplicant en la\u00a0pol\u00edtica. Moltes\u00a0vegades voler defensar els problemes que tenim en l&#8217;actualitat i [&hellip;]<\/p>\n","protected":false},"author":2,"featured_media":4473,"comment_status":"open","ping_status":"open","sticky":false,"template":"","format":"standard","meta":{"footnotes":""},"categories":[139],"tags":[],"class_list":{"0":"post-5431","1":"post","2":"type-post","3":"status-publish","4":"format-standard","5":"has-post-thumbnail","7":"category-opinio"},"_links":{"self":[{"href":"https:\/\/www.areabesos.com\/diario\/wp-json\/wp\/v2\/posts\/5431","targetHints":{"allow":["GET"]}}],"collection":[{"href":"https:\/\/www.areabesos.com\/diario\/wp-json\/wp\/v2\/posts"}],"about":[{"href":"https:\/\/www.areabesos.com\/diario\/wp-json\/wp\/v2\/types\/post"}],"author":[{"embeddable":true,"href":"https:\/\/www.areabesos.com\/diario\/wp-json\/wp\/v2\/users\/2"}],"replies":[{"embeddable":true,"href":"https:\/\/www.areabesos.com\/diario\/wp-json\/wp\/v2\/comments?post=5431"}],"version-history":[{"count":1,"href":"https:\/\/www.areabesos.com\/diario\/wp-json\/wp\/v2\/posts\/5431\/revisions"}],"predecessor-version":[{"id":5432,"href":"https:\/\/www.areabesos.com\/diario\/wp-json\/wp\/v2\/posts\/5431\/revisions\/5432"}],"wp:featuredmedia":[{"embeddable":true,"href":"https:\/\/www.areabesos.com\/diario\/wp-json\/wp\/v2\/media\/4473"}],"wp:attachment":[{"href":"https:\/\/www.areabesos.com\/diario\/wp-json\/wp\/v2\/media?parent=5431"}],"wp:term":[{"taxonomy":"category","embeddable":true,"href":"https:\/\/www.areabesos.com\/diario\/wp-json\/wp\/v2\/categories?post=5431"},{"taxonomy":"post_tag","embeddable":true,"href":"https:\/\/www.areabesos.com\/diario\/wp-json\/wp\/v2\/tags?post=5431"}],"curies":[{"name":"wp","href":"https:\/\/api.w.org\/{rel}","templated":true}]}}