{"id":5427,"date":"2022-08-10T10:51:00","date_gmt":"2022-08-10T08:51:00","guid":{"rendered":"https:\/\/www.areabesos.com\/diario\/?p=5427"},"modified":"2022-08-30T10:52:03","modified_gmt":"2022-08-30T08:52:03","slug":"el-espanol-inviolable-y-una-espada-colombiana","status":"publish","type":"post","link":"https:\/\/www.areabesos.com\/diario\/el-espanol-inviolable-y-una-espada-colombiana\/","title":{"rendered":"El espa\u00f1ol  inviolable y una espada colombiana"},"content":{"rendered":"\n<p>El \u00fanico espa\u00f1ol inviolable seg\u00fan la Constituci\u00f3n hace lo que le da la gana porque no le puede pasar nada, aunque ese mismo texto diga que todos somos iguales ante la ley en medio de la risa de millones de violables, una palabra que la RAE no incluye en su diccionario para que sigamos durmiendo despiertos, aunque la de inviolable s\u00ed, caso extra\u00f1o.<\/p>\n\n\n\n<p>Por tanto, no procede el argumento que han elegido los partidarios del inviolable, porque ning\u00fan invitado tiene derecho a organizar las ceremonias a las que acude en esa condici\u00f3n, y si la espada de la independencia de Colombia desfila porque el nuevo presidente as\u00ed lo quiere, todos los invitados se levantan por respeto pol\u00edtico a Gustavo Petro, menos el inviolable espa\u00f1ol.<\/p>\n\n\n\n<p>Desde 1939 Espa\u00f1a ha tenido tres inviolables seguidos en la jefatura del Estado. El primero viv\u00eda en el Palacio del Pardo y mat\u00f3 todo lo que le dio la gana. El segundo vivi\u00f3 en el Palacio de la Zarzuela, rob\u00f3 todo lo que pudo y sin derecho a la presunci\u00f3n de inocencia porque no ser\u00e1 juzgado, y mand\u00f3 callar en 2007 a otro presidente en una cumbre de pa\u00edses latinoamericanos para ir marcando territorio, aunque estuviera en Chile.<\/p>\n\n\n\n<p>El tercero no se ha cambiado de domicilio y a veces hace lo que quiere, no se sabe si para llamar la atenci\u00f3n, para molestar al gobierno o para las dos cosas a la vez, aunque a\u00fan no nos ha ense\u00f1ado la m\u00e1quina de contar dinero negro que ten\u00eda su padre en ese mismo palacio y de la que tanto se habl\u00f3 hace dos a\u00f1os.<\/p>\n\n\n\n<p>\u00bfAlguien sabe si \u00e9l inviolable Felipe VI la sigue empleando?<\/p>\n\n\n\n<p><span style=\"background-color:#090000\" class=\"td_text_highlight_marker\">Domingo Sanz<\/span><\/p>\n","protected":false},"excerpt":{"rendered":"<p>El \u00fanico espa\u00f1ol inviolable seg\u00fan la Constituci\u00f3n hace lo que le da la gana porque no le puede pasar nada, aunque ese mismo texto diga que todos somos iguales ante la ley en medio de la risa de millones de violables, una palabra que la RAE no incluye en su diccionario para que sigamos durmiendo [&hellip;]<\/p>\n","protected":false},"author":2,"featured_media":2309,"comment_status":"open","ping_status":"open","sticky":false,"template":"","format":"standard","meta":{"footnotes":""},"categories":[139],"tags":[],"class_list":{"0":"post-5427","1":"post","2":"type-post","3":"status-publish","4":"format-standard","5":"has-post-thumbnail","7":"category-opinio"},"_links":{"self":[{"href":"https:\/\/www.areabesos.com\/diario\/wp-json\/wp\/v2\/posts\/5427","targetHints":{"allow":["GET"]}}],"collection":[{"href":"https:\/\/www.areabesos.com\/diario\/wp-json\/wp\/v2\/posts"}],"about":[{"href":"https:\/\/www.areabesos.com\/diario\/wp-json\/wp\/v2\/types\/post"}],"author":[{"embeddable":true,"href":"https:\/\/www.areabesos.com\/diario\/wp-json\/wp\/v2\/users\/2"}],"replies":[{"embeddable":true,"href":"https:\/\/www.areabesos.com\/diario\/wp-json\/wp\/v2\/comments?post=5427"}],"version-history":[{"count":1,"href":"https:\/\/www.areabesos.com\/diario\/wp-json\/wp\/v2\/posts\/5427\/revisions"}],"predecessor-version":[{"id":5428,"href":"https:\/\/www.areabesos.com\/diario\/wp-json\/wp\/v2\/posts\/5427\/revisions\/5428"}],"wp:featuredmedia":[{"embeddable":true,"href":"https:\/\/www.areabesos.com\/diario\/wp-json\/wp\/v2\/media\/2309"}],"wp:attachment":[{"href":"https:\/\/www.areabesos.com\/diario\/wp-json\/wp\/v2\/media?parent=5427"}],"wp:term":[{"taxonomy":"category","embeddable":true,"href":"https:\/\/www.areabesos.com\/diario\/wp-json\/wp\/v2\/categories?post=5427"},{"taxonomy":"post_tag","embeddable":true,"href":"https:\/\/www.areabesos.com\/diario\/wp-json\/wp\/v2\/tags?post=5427"}],"curies":[{"name":"wp","href":"https:\/\/api.w.org\/{rel}","templated":true}]}}