{"id":5425,"date":"2022-08-08T10:49:00","date_gmt":"2022-08-08T08:49:00","guid":{"rendered":"https:\/\/www.areabesos.com\/diario\/?p=5425"},"modified":"2022-08-30T10:50:46","modified_gmt":"2022-08-30T08:50:46","slug":"ministra-darias-ordene-arreglar-esta-suma-por-favor","status":"publish","type":"post","link":"https:\/\/www.areabesos.com\/diario\/ministra-darias-ordene-arreglar-esta-suma-por-favor\/","title":{"rendered":"Ministra Darias, ordene arreglar esta suma, por favor"},"content":{"rendered":"\n<p>Se\u00f1ora ministra, usted conoce perfectamente la pantalla que aparece en este texto, pues es probable que acceda personalmente a los informes sobre la evoluci\u00f3n del Covid que su ministerio actualiza dos veces por semana.<\/p>\n\n\n\n<p>Por tanto, y tal como reza el t\u00edtulo de la tabla, se trata de los \u201cCasos de Covid-19 fallecidos a 10.07.2022\u201d, aunque lo que quiz\u00e1s no sepa usted es, por una parte, que la informaci\u00f3n que contiene es err\u00f3nea y, por otra, que acabo de capturarla hace un minuto, exactamente a las 9:43 a.m. del 08\/08\/2022, es decir, casi un mes despu\u00e9s de que fuera publicada.<\/p>\n\n\n\n<p>No afirmo que contenga informaci\u00f3n err\u00f3nea, aunque tambi\u00e9n, porque sepamos que en 2023 vendr\u00e1 el INE con sus excesos de mortalidad para demostrar que los fallecidos reales son m\u00e1s de los que indica la estad\u00edstica del Ministerio de Sanidad, tal como ocurri\u00f3 en 2020, primer a\u00f1o de la pandemia.<\/p>\n\n\n\n<p>El asunto es mucho m\u00e1s simple, y se reduce a que el total de 108.948 es incorrecto, tal como le podr\u00eda demostrar cualquier alumno de Primaria con la calculadora de su m\u00f3vil, o sin ella, si es que en los colegios se sigue sumando con l\u00e1piz y papel para practicar los conceptos. Usted misma puede comprobar lo que mi hoja de c\u00e1lculo certifica: el total correcto de los 19 sumandos no es el que aparece, sino que eran 108.974 los fallecidos por la pandemia hasta esa fecha.<\/p>\n\n\n\n<p>Este error se ha detectado sin buscarlo, a partir del seguimiento de un peque\u00f1o porcentaje de los datos de la pandemia que ha publicado su ministerio en los informes Covid que van del n\u00famero 431 de 02\/08\/2021 al 621 de 02\/08\/2022. Si se cumpliera la misma proporci\u00f3n de sumas err\u00f3neas que han aparecido en la muestra, su n\u00famero total podr\u00eda superar las 700 a lo largo del \u00faltimo a\u00f1o, aunque tan probable es que solo haya dos con errores, como que sean m\u00e1s de 1.400, por poner el ejemplo de casi el doble o casi nada.<\/p>\n\n\n\n<p>Seguro que usted sabe tambi\u00e9n que han aparecido otros errores, y de mayor calado, en algunos de los informes que su Ministerio ha ido publicando desde el comienzo de la pandemia, especialmente durante la etapa de su predecesor, el ex ministro Illa, hoy l\u00edder de la oposici\u00f3n en Catalunya.<\/p>\n\n\n\n<p>Por mi parte, como simple testigo de lo que va pasando por la vida, report\u00e9 los errores que pude detectar a la direcci\u00f3n e-mail que aparece en la p\u00e1gina web del Ministerio, pero esta vez he decidido enviar la informaci\u00f3n por aqu\u00ed, pues considero inadmisible que sigan reincidiendo con errores tan tontos y evidentes como el del total de una suma de 19 sumandos. Y, sobre todo, que nadie lo haya corregido durante un mes.<\/p>\n\n\n\n<p>\u00bfTanto cuesta ordenar la revisi\u00f3n sistem\u00e1tica de los n\u00fameros que publica el Reino de Espa\u00f1a relacionados con una pandemia mundial y que se ponen a disposici\u00f3n de cualquiera que desee consultarlos desde cualquier lugar del planeta?<\/p>\n\n\n\n<p>Por si en su ministerio mantuvieran la costumbre de interesarse por las cr\u00edticas que nacen desde el Cuarto Poder, he decidido facilitar la localizaci\u00f3n de esta, incluyendo su apellido en el t\u00edtulo del art\u00edculo.<\/p>\n\n\n\n<p>Espero, ministra, que lo del \u201csostenella y no enmendalla\u201d no llegue tan lejos como para considerar debilidad lo de corregir el resultado de una suma mal resuelta por el hecho de que haya sido reclamado en p\u00fablico.<\/p>\n\n\n\n<p>Mire, ministra, se me acaba de ocurrir. Para ayudar a convencerla de que debe corregir esta suma, cuando yo compruebe que la han arreglado escribir\u00e9 un nuevo art\u00edculo para regalarle otra suma que tambi\u00e9n presenta error en el total y que, a la hora y fecha antes citadas, tampoco han corregido. Con el agravante, en este caso, de que lleva mucho m\u00e1s tiempo ofendiendo a quienes nos molesta que el dinero de nuestros impuestos no alcance ni para evitar algunos errores de bulto.<\/p>\n\n\n\n<p>Y si, adem\u00e1s de corregir la suma del 10\/07\/2022, descubren por s\u00ed mismos y corrigen desde el Ministerio la que le acabo de anunciar, sin yo desvelarla antes, puede usted contar con que me har\u00e9 eco de su m\u00e9rito escribiendo de nuevo. \u00a1\u00a1Solo faltar\u00eda!!<\/p>\n\n\n\n<p>Por \u00faltimo, ministra Darias, ya que ha salido lo del Reino de Espa\u00f1a, que usted pertenece a su gobierno, que hemos hablado de sumas fuera de control y que, a fin de cuentas, todo est\u00e1 relacionado, le agradecer\u00e9 haga lo que pueda para conseguir que se publique alguna foto de la m\u00e1quina de sumar billetes que el anterior inviolable, hoy em\u00e9rito, ten\u00eda en La Zarzuela, y que quiz\u00e1s adquiri\u00f3 porque tambi\u00e9n comenzaba a equivocarse con las sumas.<\/p>\n\n\n\n<p>Se habl\u00f3 mucho de este asunto a mediados de 2020, seguro que lo recuerda, pero desde entonces reina el silencio. Como usted se imagina, no soy el \u00fanico contribuyente al que le preocupa lo de la maquinita, que debe ser parecida a las que tienen en cualquier oficina bancaria de las que a\u00fan aguantan.<\/p>\n\n\n\n<p>\u00bfPodr\u00eda usted comprobar si aquella m\u00e1quina de contar en negro sigue a\u00fan en el mismo palacio que habita el inviolable de ahora?<\/p>\n\n\n\n<p>A m\u00ed no me har\u00eda ninguna gracia. \u00bfY a usted?<\/p>\n\n\n\n<p>Por si quiere alguna pista, puede preguntarle a la ex Carmen Calvo. Intent\u00f3 penetrar en ese territorio y sali\u00f3 trasquilada, seg\u00fan nos cont\u00f3 el pasado 9 de mayo.<\/p>\n\n\n\n<p><span style=\"background-color:#080000\" class=\"td_text_highlight_marker\">Domingo Sanz<\/span><\/p>\n","protected":false},"excerpt":{"rendered":"<p>Se\u00f1ora ministra, usted conoce perfectamente la pantalla que aparece en este texto, pues es probable que acceda personalmente a los informes sobre la evoluci\u00f3n del Covid que su ministerio actualiza dos veces por semana. Por tanto, y tal como reza el t\u00edtulo de la tabla, se trata de los \u201cCasos de Covid-19 fallecidos a 10.07.2022\u201d, [&hellip;]<\/p>\n","protected":false},"author":2,"featured_media":4635,"comment_status":"open","ping_status":"open","sticky":false,"template":"","format":"standard","meta":{"footnotes":""},"categories":[139],"tags":[],"class_list":{"0":"post-5425","1":"post","2":"type-post","3":"status-publish","4":"format-standard","5":"has-post-thumbnail","7":"category-opinio"},"_links":{"self":[{"href":"https:\/\/www.areabesos.com\/diario\/wp-json\/wp\/v2\/posts\/5425","targetHints":{"allow":["GET"]}}],"collection":[{"href":"https:\/\/www.areabesos.com\/diario\/wp-json\/wp\/v2\/posts"}],"about":[{"href":"https:\/\/www.areabesos.com\/diario\/wp-json\/wp\/v2\/types\/post"}],"author":[{"embeddable":true,"href":"https:\/\/www.areabesos.com\/diario\/wp-json\/wp\/v2\/users\/2"}],"replies":[{"embeddable":true,"href":"https:\/\/www.areabesos.com\/diario\/wp-json\/wp\/v2\/comments?post=5425"}],"version-history":[{"count":1,"href":"https:\/\/www.areabesos.com\/diario\/wp-json\/wp\/v2\/posts\/5425\/revisions"}],"predecessor-version":[{"id":5426,"href":"https:\/\/www.areabesos.com\/diario\/wp-json\/wp\/v2\/posts\/5425\/revisions\/5426"}],"wp:featuredmedia":[{"embeddable":true,"href":"https:\/\/www.areabesos.com\/diario\/wp-json\/wp\/v2\/media\/4635"}],"wp:attachment":[{"href":"https:\/\/www.areabesos.com\/diario\/wp-json\/wp\/v2\/media?parent=5425"}],"wp:term":[{"taxonomy":"category","embeddable":true,"href":"https:\/\/www.areabesos.com\/diario\/wp-json\/wp\/v2\/categories?post=5425"},{"taxonomy":"post_tag","embeddable":true,"href":"https:\/\/www.areabesos.com\/diario\/wp-json\/wp\/v2\/tags?post=5425"}],"curies":[{"name":"wp","href":"https:\/\/api.w.org\/{rel}","templated":true}]}}