{"id":5422,"date":"2022-08-03T10:45:00","date_gmt":"2022-08-03T08:45:00","guid":{"rendered":"https:\/\/www.areabesos.com\/diario\/?p=5422"},"modified":"2022-08-30T10:46:07","modified_gmt":"2022-08-30T08:46:07","slug":"el-inviolable-esta-de-vacaciones-en-mallorca","status":"publish","type":"post","link":"https:\/\/www.areabesos.com\/diario\/el-inviolable-esta-de-vacaciones-en-mallorca\/","title":{"rendered":"El inviolable  est\u00e1 de vacaciones en Mallorca"},"content":{"rendered":"\n<p>El inviolable actual lo es desde 2014 y ha llegado a Mallorca de vacaciones pagadas por los contribuyentes para instalarse en Marivent, todo como siempre.<\/p>\n\n\n\n<p>El de Marivent es un palacio que su due\u00f1o, el ingeniero griego Saridakis, cedi\u00f3 al pueblo balear antes de fallecer en 1963, pero los pol\u00edticos de las islas se lo entregaron durante los \u00faltimos a\u00f1os de la dictadura al inviolable anterior para que lo disfrutara durante las vacaciones de verano. Pasado medio siglo, el inviolable actual, hijo del anterior, no ha tenido el detalle decente de renunciar para que pudieran cumplirse las \u00faltimas voluntades del finado.<\/p>\n\n\n\n<p>Tampoco los gobernantes, tan democr\u00e1ticos ellos, han tenido la valent\u00eda de acabar con esa entrega de Marivent a los sucesivos inviolables. Dicen los pol\u00edticos, y tambi\u00e9n los ricos del lugar, que estos dos inviolables han tra\u00eddo mucho dinero a Mallorca.<\/p>\n\n\n\n<p>Otros, en cambio, opinan que, si en lugar de conseguir su posici\u00f3n de mando y privilegio gracias a un simple acto sexual hubieran tenido que ganarla en las urnas, a Mallorca, desde la muerte del dictador, habr\u00edan venido a veranear m\u00e1s de dos turistas diferentes de su misma categor\u00eda. Y m\u00e1s a\u00fan si la Constituci\u00f3n de la Tercera Rep\u00fablica incluyera la muy conveniente limitaci\u00f3n de mandatos.<\/p>\n\n\n\n<p>Resumiendo: m\u00e1s visitantes diferentes como esos a lo largo de un mont\u00f3n de veranos habr\u00edan multiplicado el n\u00famero de familias, amigos y amigotes que entre todos habr\u00edan tra\u00eddo, y que despu\u00e9s cada uno de estos trae a los suyos, y as\u00ed sucesivamente. Y en las islas habr\u00eda entrado mucho m\u00e1s dinero.<\/p>\n\n\n\n<p>Y quien diga que esto es el cuento de la lechera lo que est\u00e1 es insultando a millones de personas que viven en Espa\u00f1a, y a las que no considera capaces de organizarse pol\u00edticamente como lo hacen hoy m\u00e1s del 70% de los pa\u00edses del mundo mientras descubrimos, con espanto, que hasta herederos de las monarqu\u00edas m\u00e1s aparentes aceptaron dinero de familiares de terroristas como Bin Laden, y con posterioridad al peor 11 de septiembre de la historia. &nbsp;<\/p>\n\n\n\n<p>Sigo pensando en las vacaciones del inviolable y, sin venir a cuento, imagino que en la p\u00e1gina 14 del libro de Mates de Primaria que emplean en los colegios de un pueblo imposible llamado E\u00f1e se dice que 2 + 2 = 4 siempre, pero sigo leyendo y descubro que en la p\u00e1gina 56 pone que, si el hijo del alcalde pusiera un resultado distinto de 4 para ese mismo ejercicio en cualquier examen, se considerar\u00eda correcto. Como es l\u00f3gico, el profesor no tendr\u00e1 en cuenta tal barbaridad y, adem\u00e1s, todos los padres protestar\u00e1n. El alcalde dir\u00e1 que \u00e9l no lo sab\u00eda, pero s\u00ed afirmar\u00e1 que fue un error material.<\/p>\n\n\n\n<p>Sin salir de textos escritos, pienso en un Reino real llamado Espa\u00f1a en el que un art\u00edculo de su ley principal, el 14, proclama que todas las personas son iguales ante la ley, pero en el 56 ordena que hay una que puede hacer mal lo que las dem\u00e1s est\u00e1n obligadas a hacer bien. Y aparece con el t\u00edtulo de \u201cinviolable\u201d para que los jueces sepan que, a ese, ni tocarlo nunca jam\u00e1s y en ning\u00fan caso.<\/p>\n\n\n\n<p>Muy cucos los \u201cpadres de\u201d ese texto, que usted ya sabe a cual me refiero, no quisieron llamar \u201cviolables\u201d a las personas no inviolables, consiguiendo que el 6 de diciembre de 1978 millones de votantes no se dieran cuenta de la gran trampa que hab\u00edan perpetrado: investir a un jefe de Estado \u201cdemocr\u00e1tico\u201d de una impunidad que, ante la justicia, le sigui\u00f3 proporcionando los mismos privilegios reales de los que disfrutaba el anterior, conseguidos gracias a la gran matanza de espa\u00f1oles que organiz\u00f3 tras fracasar un golpe de Estado con el que intent\u00f3 derrocar en tres d\u00edas un gobierno legal, leg\u00edtimo y republicano.<\/p>\n\n\n\n<p>Porque la historia certifica que, a ninguno de los tres inviolables que desde 1939 han ocupado sucesivamente la jefatura del Estado, juez alguno ha osado investigarlos jam\u00e1s, y mucho menos juzgarlos y condenarlos.<\/p>\n\n\n\n<p>Y, a diferencia de lo ocurrido en el pueblo imposible llamado E\u00f1e, ning\u00fan representante de los violables en el gobierno real del Reino de Espa\u00f1a reaccion\u00f3 hasta pasados m\u00e1s de 40 a\u00f1os. Y sin \u00e9xito.<\/p>\n\n\n\n<p>El 9 de mayo supimos m\u00e1s cercano, gracias a la ex Carmen Calvo, que el gobierno hab\u00eda pedido permiso al inviolable para acabar con ese privilegio, pero se neg\u00f3, aunque la noticia no dec\u00eda \u201cinviolable\u201d sino \u201cCasa Real\u201d.<\/p>\n\n\n\n<p>Por lo tanto, en este mismo momento el inviolable puede estar cometiendo cualquier delito con la misma tranquilidad con la que lo comet\u00edan su padre y el golpista dictador. &nbsp;<\/p>\n\n\n\n<p>Y en el gobierno de su Reino, mientras se burlan hasta de los buenos deseos de los muertos decentes, desde las urnas que ven nacer a sus ministros hasta las urnas que les dir\u00e1n si tienen que cambiar de vida, se comportan como una procesi\u00f3n de gusanos que se arrastran ante un heredero de algo.<\/p>\n\n\n\n<p>Termino porque me ha venido a la memoria el regreso al Reino de Espa\u00f1a de Fernando VII, aquel tan \u201cDeseado\u201d como \u201cRey Fel\u00f3n\u201d, otro episodio fatal de una historia que sigue construyendo su fracaso.<\/p>\n\n\n\n<p><span style=\"background-color:#0d0000\" class=\"td_text_highlight_marker\">Domingo Sanz<\/span><\/p>\n","protected":false},"excerpt":{"rendered":"<p>El inviolable actual lo es desde 2014 y ha llegado a Mallorca de vacaciones pagadas por los contribuyentes para instalarse en Marivent, todo como siempre. El de Marivent es un palacio que su due\u00f1o, el ingeniero griego Saridakis, cedi\u00f3 al pueblo balear antes de fallecer en 1963, pero los pol\u00edticos de las islas se lo [&hellip;]<\/p>\n","protected":false},"author":2,"featured_media":5423,"comment_status":"open","ping_status":"open","sticky":false,"template":"","format":"standard","meta":{"footnotes":""},"categories":[139],"tags":[],"class_list":{"0":"post-5422","1":"post","2":"type-post","3":"status-publish","4":"format-standard","5":"has-post-thumbnail","7":"category-opinio"},"_links":{"self":[{"href":"https:\/\/www.areabesos.com\/diario\/wp-json\/wp\/v2\/posts\/5422","targetHints":{"allow":["GET"]}}],"collection":[{"href":"https:\/\/www.areabesos.com\/diario\/wp-json\/wp\/v2\/posts"}],"about":[{"href":"https:\/\/www.areabesos.com\/diario\/wp-json\/wp\/v2\/types\/post"}],"author":[{"embeddable":true,"href":"https:\/\/www.areabesos.com\/diario\/wp-json\/wp\/v2\/users\/2"}],"replies":[{"embeddable":true,"href":"https:\/\/www.areabesos.com\/diario\/wp-json\/wp\/v2\/comments?post=5422"}],"version-history":[{"count":1,"href":"https:\/\/www.areabesos.com\/diario\/wp-json\/wp\/v2\/posts\/5422\/revisions"}],"predecessor-version":[{"id":5424,"href":"https:\/\/www.areabesos.com\/diario\/wp-json\/wp\/v2\/posts\/5422\/revisions\/5424"}],"wp:featuredmedia":[{"embeddable":true,"href":"https:\/\/www.areabesos.com\/diario\/wp-json\/wp\/v2\/media\/5423"}],"wp:attachment":[{"href":"https:\/\/www.areabesos.com\/diario\/wp-json\/wp\/v2\/media?parent=5422"}],"wp:term":[{"taxonomy":"category","embeddable":true,"href":"https:\/\/www.areabesos.com\/diario\/wp-json\/wp\/v2\/categories?post=5422"},{"taxonomy":"post_tag","embeddable":true,"href":"https:\/\/www.areabesos.com\/diario\/wp-json\/wp\/v2\/tags?post=5422"}],"curies":[{"name":"wp","href":"https:\/\/api.w.org\/{rel}","templated":true}]}}