{"id":5417,"date":"2022-08-29T11:05:55","date_gmt":"2022-08-29T09:05:55","guid":{"rendered":"https:\/\/www.areabesos.com\/diario\/?p=5417"},"modified":"2022-08-29T11:05:57","modified_gmt":"2022-08-29T09:05:57","slug":"el-consistori-adrianenc-posa-en-marxa-una-nova-campanya-per-evitar-agressions-sexistes-durant-la-festa-major","status":"publish","type":"post","link":"https:\/\/www.areabesos.com\/diario\/el-consistori-adrianenc-posa-en-marxa-una-nova-campanya-per-evitar-agressions-sexistes-durant-la-festa-major\/","title":{"rendered":"El consistori adrianenc posa en marxa una nova campanya per evitar agressions sexistes durant la Festa Major"},"content":{"rendered":"\n<p>La campanya&nbsp;<strong>Per unes festes lliures d\u2019agressions sexistes<\/strong>, que es va posar en marxa l\u2019any 2017, hi ser\u00e0 present tamb\u00e9 en l\u2019edici\u00f3 de la Festa Major d\u2019enguany (del 8 a l\u201911 de setembre) per garantir una celebraci\u00f3 c\u00edvica i respectuosa.<\/p>\n\n\n\n<p>Com cada any amb quatre missatges clars i directes: \u00abLa meva manera de vestir no \u00e9s excusa\u00bb, \u00abNom\u00e9s el s\u00ed \u00e9s s\u00ed, \u00abBeure massa no \u00e9s excusa\u00bb, \u00abEstem estrets, per\u00f2 no em toquis\u00bb, la campanya vol donar visibilitat als comportaments sexistes i a les agressions verbals o f\u00edsiques per motiu de g\u00e8nere, identitat o orientaci\u00f3 sexual. Alhora tamb\u00e9 vol conscienciar sobre la import\u00e0ncia que t\u00e9 que tothom s\u2019impliqui per actuar contra les viol\u00e8ncies masclistes.<\/p>\n\n\n\n<p>Qualsevol persona que pateixi o vegi un assetjament o una agressi\u00f3 sexual es pot adre\u00e7ar als dos Punts Lila que s\u2019instal.laran al municipi:<\/p>\n\n\n\n<ul class=\"wp-block-list\"><li><strong>Punt Lila de la pl. de la Vila.<\/strong>&nbsp;L\u2019horari ser\u00e0 el 8 de setembre, de 22 h a 2 h; el 9 de setembre, de 22 a 3 h; i el 10 de setembre de 22 a 4 h.<\/li><li><strong>Punt Lila de la Rambleta (amb c. Joaquim Blume).&nbsp;<\/strong>L\u2019horari d\u2019atenci\u00f3 ser\u00e0 el dia 10 de setembre, de 22 a 4 h<\/li><\/ul>\n\n\n\n<p>Tamb\u00e9 podreu trucar&nbsp;al tel\u00e8fon 697 872 042&nbsp;i fora de l\u2019horari del Punt Lila recordeu que teniu disponible durant les 24 h del dia el tel\u00e8fon d\u2019atenci\u00f3 contra la viol\u00e8ncia masclista 900900120 o el tel\u00e8fon d\u2019emerg\u00e8ncies 112.<\/p>\n","protected":false},"excerpt":{"rendered":"<p>La campanya&nbsp;Per unes festes lliures d\u2019agressions sexistes, que es va posar en marxa l\u2019any 2017, hi ser\u00e0 present tamb\u00e9 en l\u2019edici\u00f3 de la Festa Major d\u2019enguany (del 8 a l\u201911 de setembre) per garantir una celebraci\u00f3 c\u00edvica i respectuosa. Com cada any amb quatre missatges clars i directes: \u00abLa meva manera de vestir no \u00e9s [&hellip;]<\/p>\n","protected":false},"author":2,"featured_media":5418,"comment_status":"open","ping_status":"open","sticky":false,"template":"","format":"standard","meta":{"footnotes":""},"categories":[134,135],"tags":[],"class_list":{"0":"post-5417","1":"post","2":"type-post","3":"status-publish","4":"format-standard","5":"has-post-thumbnail","7":"category-actualitat","8":"category-societat"},"_links":{"self":[{"href":"https:\/\/www.areabesos.com\/diario\/wp-json\/wp\/v2\/posts\/5417","targetHints":{"allow":["GET"]}}],"collection":[{"href":"https:\/\/www.areabesos.com\/diario\/wp-json\/wp\/v2\/posts"}],"about":[{"href":"https:\/\/www.areabesos.com\/diario\/wp-json\/wp\/v2\/types\/post"}],"author":[{"embeddable":true,"href":"https:\/\/www.areabesos.com\/diario\/wp-json\/wp\/v2\/users\/2"}],"replies":[{"embeddable":true,"href":"https:\/\/www.areabesos.com\/diario\/wp-json\/wp\/v2\/comments?post=5417"}],"version-history":[{"count":1,"href":"https:\/\/www.areabesos.com\/diario\/wp-json\/wp\/v2\/posts\/5417\/revisions"}],"predecessor-version":[{"id":5419,"href":"https:\/\/www.areabesos.com\/diario\/wp-json\/wp\/v2\/posts\/5417\/revisions\/5419"}],"wp:featuredmedia":[{"embeddable":true,"href":"https:\/\/www.areabesos.com\/diario\/wp-json\/wp\/v2\/media\/5418"}],"wp:attachment":[{"href":"https:\/\/www.areabesos.com\/diario\/wp-json\/wp\/v2\/media?parent=5417"}],"wp:term":[{"taxonomy":"category","embeddable":true,"href":"https:\/\/www.areabesos.com\/diario\/wp-json\/wp\/v2\/categories?post=5417"},{"taxonomy":"post_tag","embeddable":true,"href":"https:\/\/www.areabesos.com\/diario\/wp-json\/wp\/v2\/tags?post=5417"}],"curies":[{"name":"wp","href":"https:\/\/api.w.org\/{rel}","templated":true}]}}