{"id":5411,"date":"2022-08-26T10:58:00","date_gmt":"2022-08-26T08:58:00","guid":{"rendered":"https:\/\/www.areabesos.com\/diario\/?p=5411"},"modified":"2022-08-29T10:59:37","modified_gmt":"2022-08-29T08:59:37","slug":"marina-port-forum-seleccionat-per-al-programa-superiots-de-la-37a-copa-america","status":"publish","type":"post","link":"https:\/\/www.areabesos.com\/diario\/marina-port-forum-seleccionat-per-al-programa-superiots-de-la-37a-copa-america\/","title":{"rendered":"Marina Port F\u00f2rum seleccionat per al Programa Superiots de la 37a Copa Am\u00e8rica"},"content":{"rendered":"\n<p>Marina Port F\u00f2rum ha estat designat \u00abPreferred Marina\u00bb per a la 37a&nbsp;Copa Am\u00e9rica (America\u2019s Cup). El port esportiu de Sant Adri\u00e0 ha subscrit un acord amb BWA Yachting, ag\u00e8ncia designada per l\u2019organitzaci\u00f3 d\u2019aquesta edici\u00f3 de la Copa Am\u00e9rica per a la gesti\u00f3 del Programa Superiots que coordinar\u00e0 un sistema de reserves centralitzat per a l\u2019atracada d\u2019aquest tipus d\u2019embarcacions. L\u2019empresa BWA Yachting t\u00e9 una experi\u00e8ncia consolidada en aquest esdeveniment ja que va dur a terme la gesti\u00f3 del programa de supeiots en la 34a&nbsp;i 35a&nbsp;edicions de la Copa Am\u00e9rica.<\/p>\n\n\n\n<p>Els responsables de BWA Yachting i de la 37a&nbsp;America\u2019s Cup, despr\u00e9s d\u2019avaluar els serveis i els est\u00e0ndars de qualitat que ofereix el port esportiu de Sant Adri\u00e0, l\u2019han escollit per oferir el sistema de reserves premium, un ventall de serveis VIP i el calendari social en el que podran confiar les flotes internacionals de superiots de la 37a&nbsp;Copa Am\u00e8rica.<\/p>\n\n\n\n<p><strong><a href=\"http:\/\/www.portforum.com\/ca\/superiots\/\">Port F\u00f2rum<\/a><\/strong>&nbsp;compta amb un pantal\u00e0 d\u2019\u00fas exclusiu, segregat del moll, que garanteix la seguretat de les embarcacions, aix\u00ed como la privacitat dels seus amarristes. A m\u00e9s a m\u00e9s ofereix tot un ventall de serveis de qualitat tant per als vaixells com per a les tripulacions.<\/p>\n\n\n\n<p>La celebraci\u00f3 d\u2019aquesta regata internacional de vela convertir\u00e0 el Port F\u00f2rum en una marina de refer\u00e8ncia pel que fa a la qualitat de les instal\u00b7lacions i serveis per a embarcacions de gran envergadura.<\/p>\n","protected":false},"excerpt":{"rendered":"<p>Marina Port F\u00f2rum ha estat designat \u00abPreferred Marina\u00bb per a la 37a&nbsp;Copa Am\u00e9rica (America\u2019s Cup). El port esportiu de Sant Adri\u00e0 ha subscrit un acord amb BWA Yachting, ag\u00e8ncia designada per l\u2019organitzaci\u00f3 d\u2019aquesta edici\u00f3 de la Copa Am\u00e9rica per a la gesti\u00f3 del Programa Superiots que coordinar\u00e0 un sistema de reserves centralitzat per a l\u2019atracada [&hellip;]<\/p>\n","protected":false},"author":2,"featured_media":5412,"comment_status":"open","ping_status":"open","sticky":false,"template":"","format":"standard","meta":{"footnotes":""},"categories":[134],"tags":[],"class_list":{"0":"post-5411","1":"post","2":"type-post","3":"status-publish","4":"format-standard","5":"has-post-thumbnail","7":"category-actualitat"},"_links":{"self":[{"href":"https:\/\/www.areabesos.com\/diario\/wp-json\/wp\/v2\/posts\/5411","targetHints":{"allow":["GET"]}}],"collection":[{"href":"https:\/\/www.areabesos.com\/diario\/wp-json\/wp\/v2\/posts"}],"about":[{"href":"https:\/\/www.areabesos.com\/diario\/wp-json\/wp\/v2\/types\/post"}],"author":[{"embeddable":true,"href":"https:\/\/www.areabesos.com\/diario\/wp-json\/wp\/v2\/users\/2"}],"replies":[{"embeddable":true,"href":"https:\/\/www.areabesos.com\/diario\/wp-json\/wp\/v2\/comments?post=5411"}],"version-history":[{"count":1,"href":"https:\/\/www.areabesos.com\/diario\/wp-json\/wp\/v2\/posts\/5411\/revisions"}],"predecessor-version":[{"id":5413,"href":"https:\/\/www.areabesos.com\/diario\/wp-json\/wp\/v2\/posts\/5411\/revisions\/5413"}],"wp:featuredmedia":[{"embeddable":true,"href":"https:\/\/www.areabesos.com\/diario\/wp-json\/wp\/v2\/media\/5412"}],"wp:attachment":[{"href":"https:\/\/www.areabesos.com\/diario\/wp-json\/wp\/v2\/media?parent=5411"}],"wp:term":[{"taxonomy":"category","embeddable":true,"href":"https:\/\/www.areabesos.com\/diario\/wp-json\/wp\/v2\/categories?post=5411"},{"taxonomy":"post_tag","embeddable":true,"href":"https:\/\/www.areabesos.com\/diario\/wp-json\/wp\/v2\/tags?post=5411"}],"curies":[{"name":"wp","href":"https:\/\/api.w.org\/{rel}","templated":true}]}}