{"id":5408,"date":"2022-08-23T10:54:00","date_gmt":"2022-08-23T08:54:00","guid":{"rendered":"https:\/\/www.areabesos.com\/diario\/?p=5408"},"modified":"2022-08-29T10:57:49","modified_gmt":"2022-08-29T08:57:49","slug":"el-premi-de-fotografia-isabel-rojas-celebra-la-cinquena-edicio-2","status":"publish","type":"post","link":"https:\/\/www.areabesos.com\/diario\/el-premi-de-fotografia-isabel-rojas-celebra-la-cinquena-edicio-2\/","title":{"rendered":"El Premi de Fotografia Isabel Rojas celebra la cinquena edici\u00f3"},"content":{"rendered":"\n<p>L\u2019 Ajuntament de Sant Adri\u00e0 de Bes\u00f2s, el Consell Municipal d\u2019Accessibilitat i l\u2019Agrupaci\u00f3 Fotogr\u00e0fica Sant Joan Baptista convoquen el&nbsp;V&nbsp;Premi de Fotografia Isabel Rojas.<\/p>\n\n\n\n<p>La tem\u00e0tica d\u2019aquesta edici\u00f3 \u00e9s&nbsp;la discapacitat (f\u00edsica, intel\u00b7lectual i\/o sensorial) i les fotografies poden&nbsp;reflectir&nbsp;qualsevol&nbsp;aspecte de la vida di\u00e0ria (feina, educaci\u00f3, esport, oci, turisme, cultura, etc).&nbsp;Els treballs es poden presentar fins al 30 d\u2019octubre de 2022. Podeu consultar tots els detalls sobre el format, calendari, requisits, etc, a les bases del concurs.<\/p>\n\n\n\n<p>Aquest Premi \u00e9s un homenatge a Isabel Rojas Castroverde, adrianenca que va viure i treballar a Sant Adri\u00e0 fins a la seva mort a causa de l\u2019Esclerosi Lateral Amiotr\u00f2fica (ELA). Va impulsar la creaci\u00f3 de l\u2019Arxiu Municipal que porta el seu nom, va lluitar per millorar l\u2019accessibilitat del municipi i per la igualtat d\u2019oportunitats de les persones amb diversitat funcional i va treballar incansablement per visibilitzar l\u2019ELA, recaptar fons per a la recerca de la malaltia i per donar suport a les persones afectades i a les seves fam\u00edlies. Gran aficionada a la fotografia, aquest concurs \u00e9s un reconeixement a la Isabel.<\/p>\n\n\n\n<p>El lliurament de premis tindr\u00e0 lloc el 2 de desembre en el marc dels actes de celebraci\u00f3 del Dia Internacional de les Persones amb Discapacitat.<\/p>\n\n\n\n<p>Aqu\u00ed podeu consultar les bases en <a href=\"https:\/\/www.sant-adria.cat\/sant-adria-per-temes\/alcaldia\/documents\/2022\/bases-cat-premi-isabel-rojas\">catal\u00e0<\/a>.<\/p>\n","protected":false},"excerpt":{"rendered":"<p>L\u2019 Ajuntament de Sant Adri\u00e0 de Bes\u00f2s, el Consell Municipal d\u2019Accessibilitat i l\u2019Agrupaci\u00f3 Fotogr\u00e0fica Sant Joan Baptista convoquen el&nbsp;V&nbsp;Premi de Fotografia Isabel Rojas. La tem\u00e0tica d\u2019aquesta edici\u00f3 \u00e9s&nbsp;la discapacitat (f\u00edsica, intel\u00b7lectual i\/o sensorial) i les fotografies poden&nbsp;reflectir&nbsp;qualsevol&nbsp;aspecte de la vida di\u00e0ria (feina, educaci\u00f3, esport, oci, turisme, cultura, etc).&nbsp;Els treballs es poden presentar fins al 30 [&hellip;]<\/p>\n","protected":false},"author":2,"featured_media":5409,"comment_status":"open","ping_status":"open","sticky":false,"template":"","format":"standard","meta":{"footnotes":""},"categories":[134],"tags":[],"class_list":{"0":"post-5408","1":"post","2":"type-post","3":"status-publish","4":"format-standard","5":"has-post-thumbnail","7":"category-actualitat"},"_links":{"self":[{"href":"https:\/\/www.areabesos.com\/diario\/wp-json\/wp\/v2\/posts\/5408","targetHints":{"allow":["GET"]}}],"collection":[{"href":"https:\/\/www.areabesos.com\/diario\/wp-json\/wp\/v2\/posts"}],"about":[{"href":"https:\/\/www.areabesos.com\/diario\/wp-json\/wp\/v2\/types\/post"}],"author":[{"embeddable":true,"href":"https:\/\/www.areabesos.com\/diario\/wp-json\/wp\/v2\/users\/2"}],"replies":[{"embeddable":true,"href":"https:\/\/www.areabesos.com\/diario\/wp-json\/wp\/v2\/comments?post=5408"}],"version-history":[{"count":1,"href":"https:\/\/www.areabesos.com\/diario\/wp-json\/wp\/v2\/posts\/5408\/revisions"}],"predecessor-version":[{"id":5410,"href":"https:\/\/www.areabesos.com\/diario\/wp-json\/wp\/v2\/posts\/5408\/revisions\/5410"}],"wp:featuredmedia":[{"embeddable":true,"href":"https:\/\/www.areabesos.com\/diario\/wp-json\/wp\/v2\/media\/5409"}],"wp:attachment":[{"href":"https:\/\/www.areabesos.com\/diario\/wp-json\/wp\/v2\/media?parent=5408"}],"wp:term":[{"taxonomy":"category","embeddable":true,"href":"https:\/\/www.areabesos.com\/diario\/wp-json\/wp\/v2\/categories?post=5408"},{"taxonomy":"post_tag","embeddable":true,"href":"https:\/\/www.areabesos.com\/diario\/wp-json\/wp\/v2\/tags?post=5408"}],"curies":[{"name":"wp","href":"https:\/\/api.w.org\/{rel}","templated":true}]}}