{"id":5406,"date":"2022-08-10T10:51:00","date_gmt":"2022-08-10T08:51:00","guid":{"rendered":"https:\/\/www.areabesos.com\/diario\/?p=5406"},"modified":"2022-08-29T10:52:28","modified_gmt":"2022-08-29T08:52:28","slug":"linici-el-pulpero-de-lugo-i-dseven-guanyadors-de-la-ruta-de-la-tara-estiu-2022","status":"publish","type":"post","link":"https:\/\/www.areabesos.com\/diario\/linici-el-pulpero-de-lugo-i-dseven-guanyadors-de-la-ruta-de-la-tara-estiu-2022\/","title":{"rendered":"L&#8217;Inici, El Pulpero de Lugo i D&#8217;Seven, guanyadors de la Ruta de la Tara Estiu 2022"},"content":{"rendered":"\n<p>La Ruta Tapa edici\u00f3 estiu 2022 es va celebrar del dijous 14 al diumenge 17 de juliol i va comptar amb la participaci\u00f3 de tretze establiments.<\/p>\n\n\n\n<p>Durant aquells dies els consumidors i consumidores van escollit les millors tapes dels bars i restaurants, omplint les butlletes de participaci\u00f3 i dipositant-les en les urnes disponibles als locals. Es van recollir un total de 429 butlletes. Un cop fet el recompte, les tapes m\u00e9s votades han estat:<\/p>\n\n\n\n<p>Primer lloc: L&#8217;Inici<\/p>\n\n\n\n<p>Segon lloc: El Pulpero de Lugo<\/p>\n\n\n\n<p>Tercer lloc: D&#8217;Seven<\/p>\n\n\n\n<p>Al setembre es far\u00e0 lliurament d\u2019una placa de reconeixements als tres guanyadors. Tamb\u00e9 es realitzar\u00e0 un sorteig entre totes les butlletes participants. Els guanyadors rebran els seg\u00fcents premis:<\/p>\n\n\n\n<p>Primer premi: Un menjar o sopar en el bar guanyador valorat en 100\u20ac i un lot sorpresa valorat en 100\u20ac.<\/p>\n\n\n\n<p>Segon premi: Lot sorpresa valorat en 100\u20ac.<\/p>\n\n\n\n<p>Tercer premi: Lot sorpresa valorat en 80\u20ac.<\/p>\n\n\n\n<p>Per primer cop, la Ruta Tapa ha realitzat un sorteig a la xarxa socials d\u2019Instagram, la persona guanyadora rebr\u00e0 un lot de productes valorat en 50\u20ac.<\/p>\n\n\n\n<p>La Ruta Tapa edici\u00f3 hivern 2022, se celebrar\u00e0 del dijous 17 al diumenge 20 de novembre.<\/p>\n","protected":false},"excerpt":{"rendered":"<p>La Ruta Tapa edici\u00f3 estiu 2022 es va celebrar del dijous 14 al diumenge 17 de juliol i va comptar amb la participaci\u00f3 de tretze establiments. Durant aquells dies els consumidors i consumidores van escollit les millors tapes dels bars i restaurants, omplint les butlletes de participaci\u00f3 i dipositant-les en les urnes disponibles als locals. [&hellip;]<\/p>\n","protected":false},"author":2,"featured_media":5330,"comment_status":"open","ping_status":"open","sticky":false,"template":"","format":"standard","meta":{"footnotes":""},"categories":[134],"tags":[],"class_list":{"0":"post-5406","1":"post","2":"type-post","3":"status-publish","4":"format-standard","5":"has-post-thumbnail","7":"category-actualitat"},"_links":{"self":[{"href":"https:\/\/www.areabesos.com\/diario\/wp-json\/wp\/v2\/posts\/5406","targetHints":{"allow":["GET"]}}],"collection":[{"href":"https:\/\/www.areabesos.com\/diario\/wp-json\/wp\/v2\/posts"}],"about":[{"href":"https:\/\/www.areabesos.com\/diario\/wp-json\/wp\/v2\/types\/post"}],"author":[{"embeddable":true,"href":"https:\/\/www.areabesos.com\/diario\/wp-json\/wp\/v2\/users\/2"}],"replies":[{"embeddable":true,"href":"https:\/\/www.areabesos.com\/diario\/wp-json\/wp\/v2\/comments?post=5406"}],"version-history":[{"count":1,"href":"https:\/\/www.areabesos.com\/diario\/wp-json\/wp\/v2\/posts\/5406\/revisions"}],"predecessor-version":[{"id":5407,"href":"https:\/\/www.areabesos.com\/diario\/wp-json\/wp\/v2\/posts\/5406\/revisions\/5407"}],"wp:featuredmedia":[{"embeddable":true,"href":"https:\/\/www.areabesos.com\/diario\/wp-json\/wp\/v2\/media\/5330"}],"wp:attachment":[{"href":"https:\/\/www.areabesos.com\/diario\/wp-json\/wp\/v2\/media?parent=5406"}],"wp:term":[{"taxonomy":"category","embeddable":true,"href":"https:\/\/www.areabesos.com\/diario\/wp-json\/wp\/v2\/categories?post=5406"},{"taxonomy":"post_tag","embeddable":true,"href":"https:\/\/www.areabesos.com\/diario\/wp-json\/wp\/v2\/tags?post=5406"}],"curies":[{"name":"wp","href":"https:\/\/api.w.org\/{rel}","templated":true}]}}