{"id":5403,"date":"2022-08-02T10:46:00","date_gmt":"2022-08-02T08:46:00","guid":{"rendered":"https:\/\/www.areabesos.com\/diario\/?p=5403"},"modified":"2022-08-29T10:51:03","modified_gmt":"2022-08-29T08:51:03","slug":"campanya-per-difondre-el-valor-ecologic-de-la-desembocadura-del-besos-i-la-legislacio-vigent-per-protegir-la","status":"publish","type":"post","link":"https:\/\/www.areabesos.com\/diario\/campanya-per-difondre-el-valor-ecologic-de-la-desembocadura-del-besos-i-la-legislacio-vigent-per-protegir-la\/","title":{"rendered":"Campanya per difondre el valor ecol\u00f2gic de la desembocadura del Bes\u00f2s i la legislaci\u00f3 vigent per protegir-la"},"content":{"rendered":"\n<p>L\u2019 Ajuntament de Sant Adri\u00e0 de Bes\u00f2s iniciar\u00e0 aquest mes d\u2019agost una campanya per explicar els motius de la prohibici\u00f3 d\u2019acc\u00e9s i el bany a la desembocadura del Bes\u00f2s i les zones acordonades adjacents. L\u2019objectiu \u00e9s donar a con\u00e8ixer la import\u00e0ncia de la flora i la fauna de la desembocadura i comunicar les normatives vigents d\u2019aquesta zona. La campanya est\u00e0 subvencionada per la Diputaci\u00f3 de Barcelona<\/p>\n\n\n\n<p>El consistori adrianenc oferir\u00e0 un punt d\u2019informaci\u00f3 al Parc Fluvial del riu Bes\u00f2s amb un equip d\u2019agents&nbsp;ambientals de l\u2019organitzaci\u00f3&nbsp;<strong>An\u00e8l\u00b7lides, serveis ambientals marins,<\/strong>&nbsp;d\u2019agost a novembre, contractats gr\u00e0cies a una subvenci\u00f3 de la Diputaci\u00f3 de Barcelona.<\/p>\n\n\n\n<h3 class=\"wp-block-heading\"><strong>Horari del punt d\u2019informaci\u00f3<\/strong><\/h3>\n\n\n\n<p>El punt informatiu estar\u00e0 situat sota el Pont del Ferrocarril, des del 5 d\u2019agost fins el 12 de novembre. Durant l\u2019horari d\u2019estiu (agost i setembre) estar\u00e0 obert al p\u00fablic els divendres de 18 h a 21 h, els dissabtes de 17 a 21 h i els diumenges de 9 a 13 h. En horari d\u2019hivern (octubre i novembre) el punt informatiu romandr\u00e0 obert els divendres de 15 h a 18 h, els dissabtes de 15 h a 18 h i els diumenges de 9 h a 13 h.<\/p>\n\n\n\n<h3 class=\"wp-block-heading\"><strong>Objectiu<\/strong><\/h3>\n\n\n\n<p>L\u2019objectiu d\u2019aquesta campanya \u00e9s comunicar les restriccions, donar a con\u00e8ixer les normatives vigents i vetllar pel seu compliment per poder preservar la riquesa ambiental de la desembocadura del Bes\u00f2s, la barra de sorra i les zones acordonades, amb gran valor ecol\u00f2gic i estrat\u00e8gic per les aus, tant nidificants com migrat\u00f2ries.<\/p>\n\n\n\n<p>Una de les funcions m\u00e9s destacables de la desembocadura del Bes\u00f2s \u00e9s la seva rellev\u00e0ncia com a zona humida entre els deltes del Llobregat i de la Tordera, fet que produeix que s\u2019hagin observat m\u00e9s de 230 esp\u00e8cies d\u2019aus, moltes d\u2019elles migrat\u00f2ries i protegides a nivell auton\u00f2mic, estatal i\/o europeu. A banda de les migrat\u00f2ries, tamb\u00e9 hi ha moltes aus residents, que tamb\u00e9 estan protegides, com \u00e9s el cas de la gavina corsa, au end\u00e8mica de les costes mediterr\u00e0nies i amena\u00e7ada d\u2019extinci\u00f3 a nivell mundial.<\/p>\n\n\n\n<p>La desembocadura a m\u00e9s \u00e9s una zona que t\u00e9 una funci\u00f3 de corredor biol\u00f2gic, i connecta aix\u00ed el front litoral amb l\u2019interior del territori. Aquest fet \u00e9s rellevant per l\u2019anguila, que es troba en perill cr\u00edtic d\u2019extinci\u00f3 i la ll\u00fadriga. A m\u00e9s a m\u00e9s, molts animals protegits troben refugi i aliment a la desembocadura.<\/p>\n\n\n\n<p>Per tot aix\u00f2, cal explicar la seva import\u00e0ncia, i que tota la ciutadania la percebi com un espai que cal preservar.<\/p>\n\n\n\n<p>D\u2019altra banda, amb aquesta campanya tamb\u00e9 s\u2019informa que a la desembocadura del riu Bes\u00f2s est\u00e0 prohibit el bany perqu\u00e8 la qualitat de l\u2019aigua no \u00e9s apta per a aquest \u00fas. El riu Bes\u00f2s rep els afluents que surten de les EDAR (Estacions depuradores d\u2019aig\u00fces residuals) de tots els municipis de la conca del Bes\u00f2s. A m\u00e9s, en episodis de pluja els sobreeixidors que connecten al riu aporten aig\u00fces residuals barrejades amb aigua de pluja, el que implica una alteraci\u00f3 de la qualitat microbiol\u00f2gica de l\u2019aigua de bany i provoca el tancament de les platges durant els dies posteriors.<\/p>\n","protected":false},"excerpt":{"rendered":"<p>L\u2019 Ajuntament de Sant Adri\u00e0 de Bes\u00f2s iniciar\u00e0 aquest mes d\u2019agost una campanya per explicar els motius de la prohibici\u00f3 d\u2019acc\u00e9s i el bany a la desembocadura del Bes\u00f2s i les zones acordonades adjacents. L\u2019objectiu \u00e9s donar a con\u00e8ixer la import\u00e0ncia de la flora i la fauna de la desembocadura i comunicar les normatives vigents [&hellip;]<\/p>\n","protected":false},"author":2,"featured_media":5404,"comment_status":"open","ping_status":"open","sticky":false,"template":"","format":"standard","meta":{"footnotes":""},"categories":[134],"tags":[],"class_list":{"0":"post-5403","1":"post","2":"type-post","3":"status-publish","4":"format-standard","5":"has-post-thumbnail","7":"category-actualitat"},"_links":{"self":[{"href":"https:\/\/www.areabesos.com\/diario\/wp-json\/wp\/v2\/posts\/5403","targetHints":{"allow":["GET"]}}],"collection":[{"href":"https:\/\/www.areabesos.com\/diario\/wp-json\/wp\/v2\/posts"}],"about":[{"href":"https:\/\/www.areabesos.com\/diario\/wp-json\/wp\/v2\/types\/post"}],"author":[{"embeddable":true,"href":"https:\/\/www.areabesos.com\/diario\/wp-json\/wp\/v2\/users\/2"}],"replies":[{"embeddable":true,"href":"https:\/\/www.areabesos.com\/diario\/wp-json\/wp\/v2\/comments?post=5403"}],"version-history":[{"count":1,"href":"https:\/\/www.areabesos.com\/diario\/wp-json\/wp\/v2\/posts\/5403\/revisions"}],"predecessor-version":[{"id":5405,"href":"https:\/\/www.areabesos.com\/diario\/wp-json\/wp\/v2\/posts\/5403\/revisions\/5405"}],"wp:featuredmedia":[{"embeddable":true,"href":"https:\/\/www.areabesos.com\/diario\/wp-json\/wp\/v2\/media\/5404"}],"wp:attachment":[{"href":"https:\/\/www.areabesos.com\/diario\/wp-json\/wp\/v2\/media?parent=5403"}],"wp:term":[{"taxonomy":"category","embeddable":true,"href":"https:\/\/www.areabesos.com\/diario\/wp-json\/wp\/v2\/categories?post=5403"},{"taxonomy":"post_tag","embeddable":true,"href":"https:\/\/www.areabesos.com\/diario\/wp-json\/wp\/v2\/tags?post=5403"}],"curies":[{"name":"wp","href":"https:\/\/api.w.org\/{rel}","templated":true}]}}