{"id":5380,"date":"2022-07-21T11:05:13","date_gmt":"2022-07-21T09:05:13","guid":{"rendered":"https:\/\/www.areabesos.com\/diario\/?p=5380"},"modified":"2022-07-21T11:05:14","modified_gmt":"2022-07-21T09:05:14","slug":"riesgos-laborales-y-clase-politica","status":"publish","type":"post","link":"https:\/\/www.areabesos.com\/diario\/riesgos-laborales-y-clase-politica\/","title":{"rendered":"Riesgos  laborales y clase pol\u00edtica"},"content":{"rendered":"\n<p>Muy mal lo del alcalde Almeida, de Madrid, esquivando culpas con la excusa de que el trabajador fallecido era de una subcontrata, como si la ley no estableciera las obligaciones del sector p\u00fablico con esas empresas.<\/p>\n\n\n\n<p>Cosas que pasan hoy nos sirven para recordar otras de ayer. En esta ocasi\u00f3n me ha venido a la memoria la terrible primera ola de la pandemia y la petici\u00f3n que algunas personas enviamos a la presidenta del Congreso para que los diputados hablaran desde sus esca\u00f1os en lugar de subir a la tribuna, tal como hacen los mi\u00e9rcoles en las sesiones de control al gobierno. Se trataba de que evitaran riesgos laborales a quienes ten\u00edan que limpiar el atril de restos org\u00e1nicos de los pol\u00edticos, pues pod\u00edan ser contagiosos.<\/p>\n\n\n\n<p>Pero fracasamos. S\u00f3lo hablaron desde sus esca\u00f1os el 12,4% de las veces y, por tanto, el personal de limpieza asumi\u00f3 riesgos en 169 de las 193 ocasiones en las que los pol\u00edticos intervinieron, algunas veces durante tres minutos o menos, en aquellos siete plenos celebrados entre el 18 de marzo y el 3 de junio de 2020. Podr\u00edan haber decidido que quienes subieran a la tribuna la tuvieran que&nbsp;limpiar ellos mismos con un trapo, pero, en ese caso, \u00bfse habr\u00edan atrevido a dar un ejemplo mundial de compromiso activo contra el Covid, o habr\u00edan elegido hablar desde sus esca\u00f1os?<\/p>\n\n\n\n<p>Hechos como estos tambi\u00e9n nos hacen pensar. La prepotencia y el autoritarismo se contagian desde arriba y, para conseguirlo, pocas cosas ayudan m\u00e1s que tener jefes de Estado inviolables durante generaciones.<\/p>\n\n\n\n<p>A las cuatro d\u00e9cadas del inviolable que residi\u00f3 en El Pardo siguieron otras cuatro del inviolable de La Zarzuela, hoy em\u00e9rito, y ya se han cumplido ocho a\u00f1os del nuevo inviolable, los tres impunes porque ning\u00fan juez puede perseguirlos, cometan los delitos que cometan. Adem\u00e1s, de Felipe VI sabemos, desde el pasado 9 de mayo y gracias a la ex ministra Carmen Calvo, que no quiere renunciar a un privilegio que en parte sabe a medieval, en parte a dictatorial y siempre a injusto y desigual. Un privilegio cuya permanencia envenena la sociedad.<\/p>\n\n\n\n<p><span style=\"background-color:#080000\" class=\"td_text_highlight_marker\">Domingo Sanz<\/span><\/p>\n","protected":false},"excerpt":{"rendered":"<p>Muy mal lo del alcalde Almeida, de Madrid, esquivando culpas con la excusa de que el trabajador fallecido era de una subcontrata, como si la ley no estableciera las obligaciones del sector p\u00fablico con esas empresas. Cosas que pasan hoy nos sirven para recordar otras de ayer. En esta ocasi\u00f3n me ha venido a la [&hellip;]<\/p>\n","protected":false},"author":2,"featured_media":2515,"comment_status":"open","ping_status":"open","sticky":false,"template":"","format":"standard","meta":{"footnotes":""},"categories":[139],"tags":[],"class_list":{"0":"post-5380","1":"post","2":"type-post","3":"status-publish","4":"format-standard","5":"has-post-thumbnail","7":"category-opinio"},"_links":{"self":[{"href":"https:\/\/www.areabesos.com\/diario\/wp-json\/wp\/v2\/posts\/5380","targetHints":{"allow":["GET"]}}],"collection":[{"href":"https:\/\/www.areabesos.com\/diario\/wp-json\/wp\/v2\/posts"}],"about":[{"href":"https:\/\/www.areabesos.com\/diario\/wp-json\/wp\/v2\/types\/post"}],"author":[{"embeddable":true,"href":"https:\/\/www.areabesos.com\/diario\/wp-json\/wp\/v2\/users\/2"}],"replies":[{"embeddable":true,"href":"https:\/\/www.areabesos.com\/diario\/wp-json\/wp\/v2\/comments?post=5380"}],"version-history":[{"count":1,"href":"https:\/\/www.areabesos.com\/diario\/wp-json\/wp\/v2\/posts\/5380\/revisions"}],"predecessor-version":[{"id":5381,"href":"https:\/\/www.areabesos.com\/diario\/wp-json\/wp\/v2\/posts\/5380\/revisions\/5381"}],"wp:featuredmedia":[{"embeddable":true,"href":"https:\/\/www.areabesos.com\/diario\/wp-json\/wp\/v2\/media\/2515"}],"wp:attachment":[{"href":"https:\/\/www.areabesos.com\/diario\/wp-json\/wp\/v2\/media?parent=5380"}],"wp:term":[{"taxonomy":"category","embeddable":true,"href":"https:\/\/www.areabesos.com\/diario\/wp-json\/wp\/v2\/categories?post=5380"},{"taxonomy":"post_tag","embeddable":true,"href":"https:\/\/www.areabesos.com\/diario\/wp-json\/wp\/v2\/tags?post=5380"}],"curies":[{"name":"wp","href":"https:\/\/api.w.org\/{rel}","templated":true}]}}