{"id":5373,"date":"2022-07-20T12:38:12","date_gmt":"2022-07-20T10:38:12","guid":{"rendered":"https:\/\/www.areabesos.com\/diario\/?p=5373"},"modified":"2022-07-20T12:38:13","modified_gmt":"2022-07-20T10:38:13","slug":"un-adrianenc-entre-les-primeres-victimes-contra-laixecament-militar-a-barcelona-el-1936","status":"publish","type":"post","link":"https:\/\/www.areabesos.com\/diario\/un-adrianenc-entre-les-primeres-victimes-contra-laixecament-militar-a-barcelona-el-1936\/","title":{"rendered":"Un adrianenc entre les primeres v\u00edctimes contra l&#8217;aixecament militar a  Barcelona el 1936"},"content":{"rendered":"\n<p>Ara fa vuitanta sis anys, la matinada del 19 de juliol de 1936, milers de persones seguiren les consignes de les organitzacions obreres i pol\u00edtiques d&#8217;esquerres per combatre als militars revoltats a Barcelona. Una de les primeres v\u00edctimes mortals causades pel sollevament feixista va ser la de l&#8217;adrianenc Bonaventura Jofre. Tenia vint-i-tres anys.&nbsp;<\/p>\n\n\n\n<p>Bonaventura Jofre i Pau (1913-1936), era soci del Centre Republic\u00e0 Federal Adrianenc adherit al partit d&#8217;ERC durant el per\u00edode de la Segona Rep\u00fablica. Amb el mateix cognom, Jofre, hi ha dades en la premsa de l&#8217;\u00e8poca de quatre persones vinculades al mateix Centre Republic\u00e0: Mart\u00ed Jofre, Josep Jofre, Bonaventura Jofre i Eugeni Jofre (ben possiblement tots ells fam\u00edlia). Bonaventura s&#8217;havia donat d&#8217;alta tamb\u00e9 a l&#8217;Ateneu Nacionalista del Districte IV de Barcelona, l&#8217;abril de 1933.<\/p>\n\n\n\n<p>El 19 d&#8217;agost de 1936, un mes despr\u00e9s dels fets, els Centres d&#8217;Esquerra de Sant Adri\u00e0 (el Centre d&#8217;Esquerra i el Centre Republic\u00e0 Federal Adrianenc) van dipositar corones de flors al lloc on havia caigut mort Bonaventura, al carrer del Parc, al costat del Govern Militar a Barcelona. A la tarda, l&#8217;Ajuntament de Sant Adri\u00e0 li tribut\u00e0 un homenatge local.<\/p>\n\n\n\n<p><span style=\"background-color:#0f0101\" class=\"td_text_highlight_marker\">Jordi Albaladejo, historiador<\/span><\/p>\n","protected":false},"excerpt":{"rendered":"<p>Ara fa vuitanta sis anys, la matinada del 19 de juliol de 1936, milers de persones seguiren les consignes de les organitzacions obreres i pol\u00edtiques d&#8217;esquerres per combatre als militars revoltats a Barcelona. Una de les primeres v\u00edctimes mortals causades pel sollevament feixista va ser la de l&#8217;adrianenc Bonaventura Jofre. Tenia vint-i-tres anys.&nbsp; Bonaventura Jofre [&hellip;]<\/p>\n","protected":false},"author":2,"featured_media":5374,"comment_status":"open","ping_status":"open","sticky":false,"template":"","format":"standard","meta":{"footnotes":""},"categories":[139],"tags":[],"class_list":{"0":"post-5373","1":"post","2":"type-post","3":"status-publish","4":"format-standard","5":"has-post-thumbnail","7":"category-opinio"},"_links":{"self":[{"href":"https:\/\/www.areabesos.com\/diario\/wp-json\/wp\/v2\/posts\/5373","targetHints":{"allow":["GET"]}}],"collection":[{"href":"https:\/\/www.areabesos.com\/diario\/wp-json\/wp\/v2\/posts"}],"about":[{"href":"https:\/\/www.areabesos.com\/diario\/wp-json\/wp\/v2\/types\/post"}],"author":[{"embeddable":true,"href":"https:\/\/www.areabesos.com\/diario\/wp-json\/wp\/v2\/users\/2"}],"replies":[{"embeddable":true,"href":"https:\/\/www.areabesos.com\/diario\/wp-json\/wp\/v2\/comments?post=5373"}],"version-history":[{"count":1,"href":"https:\/\/www.areabesos.com\/diario\/wp-json\/wp\/v2\/posts\/5373\/revisions"}],"predecessor-version":[{"id":5375,"href":"https:\/\/www.areabesos.com\/diario\/wp-json\/wp\/v2\/posts\/5373\/revisions\/5375"}],"wp:featuredmedia":[{"embeddable":true,"href":"https:\/\/www.areabesos.com\/diario\/wp-json\/wp\/v2\/media\/5374"}],"wp:attachment":[{"href":"https:\/\/www.areabesos.com\/diario\/wp-json\/wp\/v2\/media?parent=5373"}],"wp:term":[{"taxonomy":"category","embeddable":true,"href":"https:\/\/www.areabesos.com\/diario\/wp-json\/wp\/v2\/categories?post=5373"},{"taxonomy":"post_tag","embeddable":true,"href":"https:\/\/www.areabesos.com\/diario\/wp-json\/wp\/v2\/tags?post=5373"}],"curies":[{"name":"wp","href":"https:\/\/api.w.org\/{rel}","templated":true}]}}