{"id":5370,"date":"2022-07-19T13:44:30","date_gmt":"2022-07-19T11:44:30","guid":{"rendered":"https:\/\/www.areabesos.com\/diario\/?p=5370"},"modified":"2022-07-19T13:44:32","modified_gmt":"2022-07-19T11:44:32","slug":"obert-el-termini-per-sol%c2%b7licitar-les-subvencions-per-a-la-conservacio-i-rehabilitacio-dedificis-de-tipologia-residencial-col%c2%b7lectiva","status":"publish","type":"post","link":"https:\/\/www.areabesos.com\/diario\/obert-el-termini-per-sol%c2%b7licitar-les-subvencions-per-a-la-conservacio-i-rehabilitacio-dedificis-de-tipologia-residencial-col%c2%b7lectiva\/","title":{"rendered":"Obert el termini per sol\u00b7licitar les subvencions per a la conservaci\u00f3 i rehabilitaci\u00f3 d\u2019edificis de tipologia residencial col\u00b7lectiva"},"content":{"rendered":"\n<p>L Ajuntament de Sant Adri\u00e0 ha obert una convocat\u00f2ria de subvencions&nbsp;per al foment de la conservaci\u00f3 i rehabilitaci\u00f3 d&#8217;edificis&nbsp;de tipologia residencial&nbsp;col\u00b7lectiva de la ciutat.<\/p>\n\n\n\n<p>El consistori adrianenc destina una partida de&nbsp;4.300.000&nbsp;euros&nbsp;per a&nbsp;actuacions&nbsp;de millora de<strong>&nbsp;patologies estructurals:<\/strong>&nbsp;la&nbsp;reparaci\u00f3 de defici\u00e8ncies dels fonaments, de l\u2019estructura vertical i horitzontal (immobles plurifamiliars, resid\u00e8ncia habitual i permanent).Per tant&nbsp;resten excloses d\u2019&nbsp;aquesta subvenci\u00f3&nbsp;actuacions de&nbsp;caire est\u00e8tic&nbsp;com ara&nbsp;una rehabilitaci\u00f3 de fa\u00e7ana b\u00e0sica.&nbsp;L\u2019ajut m\u00e0xim per habitatge&nbsp;\u00e9s&nbsp;de 2.000 \u20ac.<\/p>\n\n\n\n<p><strong>La subvenci\u00f3 es pot sol\u00b7licitar fins<\/strong><strong>&nbsp;al 15 d&#8217;agost&nbsp;<\/strong>i est\u00e0 destinada a finan\u00e7ar les actuacions fetes, facturades i pagades entre l\u20191 de gener del 2020 fins al 31 d&#8217;octubre del 2022.<\/p>\n\n\n\n<p><strong>Les sol\u00b7licituds es poden fer<\/strong>&nbsp;a l\u2019Oficina d\u2019Atenci\u00f3 Ciutadana (Ajuntament de Sant Adri\u00e0 de Bes\u00f2s, pl. de la Vila, 12, planta baixa) o a trav\u00e9s de la&nbsp;<strong><a href=\"http:\/\/seu.sant-adria.net\/santadria\" target=\"_blank\" rel=\"noreferrer noopener\">Seu Electr\u00f2nica<\/a><\/strong>&nbsp;que trobareu en aquesta p\u00e0gina web.<\/p>\n\n\n\n<p>M\u00e9s informaci\u00f3 a les&nbsp;<strong><a href=\"https:\/\/tauler.seu.cat\/pagDetall.do?idEdicte=372099&amp;idens=819440003\">BASES<\/a>.<\/strong><\/p>\n","protected":false},"excerpt":{"rendered":"<p>L Ajuntament de Sant Adri\u00e0 ha obert una convocat\u00f2ria de subvencions&nbsp;per al foment de la conservaci\u00f3 i rehabilitaci\u00f3 d&#8217;edificis&nbsp;de tipologia residencial&nbsp;col\u00b7lectiva de la ciutat. El consistori adrianenc destina una partida de&nbsp;4.300.000&nbsp;euros&nbsp;per a&nbsp;actuacions&nbsp;de millora de&nbsp;patologies estructurals:&nbsp;la&nbsp;reparaci\u00f3 de defici\u00e8ncies dels fonaments, de l\u2019estructura vertical i horitzontal (immobles plurifamiliars, resid\u00e8ncia habitual i permanent).Per tant&nbsp;resten excloses d\u2019&nbsp;aquesta subvenci\u00f3&nbsp;actuacions de&nbsp;caire [&hellip;]<\/p>\n","protected":false},"author":2,"featured_media":5371,"comment_status":"open","ping_status":"open","sticky":false,"template":"","format":"standard","meta":{"footnotes":""},"categories":[134],"tags":[],"class_list":{"0":"post-5370","1":"post","2":"type-post","3":"status-publish","4":"format-standard","5":"has-post-thumbnail","7":"category-actualitat"},"_links":{"self":[{"href":"https:\/\/www.areabesos.com\/diario\/wp-json\/wp\/v2\/posts\/5370","targetHints":{"allow":["GET"]}}],"collection":[{"href":"https:\/\/www.areabesos.com\/diario\/wp-json\/wp\/v2\/posts"}],"about":[{"href":"https:\/\/www.areabesos.com\/diario\/wp-json\/wp\/v2\/types\/post"}],"author":[{"embeddable":true,"href":"https:\/\/www.areabesos.com\/diario\/wp-json\/wp\/v2\/users\/2"}],"replies":[{"embeddable":true,"href":"https:\/\/www.areabesos.com\/diario\/wp-json\/wp\/v2\/comments?post=5370"}],"version-history":[{"count":1,"href":"https:\/\/www.areabesos.com\/diario\/wp-json\/wp\/v2\/posts\/5370\/revisions"}],"predecessor-version":[{"id":5372,"href":"https:\/\/www.areabesos.com\/diario\/wp-json\/wp\/v2\/posts\/5370\/revisions\/5372"}],"wp:featuredmedia":[{"embeddable":true,"href":"https:\/\/www.areabesos.com\/diario\/wp-json\/wp\/v2\/media\/5371"}],"wp:attachment":[{"href":"https:\/\/www.areabesos.com\/diario\/wp-json\/wp\/v2\/media?parent=5370"}],"wp:term":[{"taxonomy":"category","embeddable":true,"href":"https:\/\/www.areabesos.com\/diario\/wp-json\/wp\/v2\/categories?post=5370"},{"taxonomy":"post_tag","embeddable":true,"href":"https:\/\/www.areabesos.com\/diario\/wp-json\/wp\/v2\/tags?post=5370"}],"curies":[{"name":"wp","href":"https:\/\/api.w.org\/{rel}","templated":true}]}}