{"id":5365,"date":"2022-07-18T12:18:23","date_gmt":"2022-07-18T10:18:23","guid":{"rendered":"https:\/\/www.areabesos.com\/diario\/?p=5365"},"modified":"2022-07-18T12:18:24","modified_gmt":"2022-07-18T10:18:24","slug":"formacio-ocupacional-en-medi-ambient","status":"publish","type":"post","link":"https:\/\/www.areabesos.com\/diario\/formacio-ocupacional-en-medi-ambient\/","title":{"rendered":"Formaci\u00f3 ocupacional en medi ambient"},"content":{"rendered":"\n<p>Aig\u00fces de Barcelona (AGBAR) amb la col\u00b7laboraci\u00f3 l\u2019Escola d\u2019Oportunitats de Sant Adri\u00e0 iniciar\u00e0 el proper mes d\u2019octubre un programa de Formaci\u00f3 Ocupacional en Medi Ambient, totalment gratu\u00eft, adre\u00e7at a persones joves desocupades, de 16 a 29 anys, amb baixa qualificaci\u00f3 i\/o manca de formaci\u00f3 (no tenen el graduat en ESO o el tenen per\u00f2 no han continuat amb els estudis postobligatoris i han abandonat el sistema educatiu).<\/p>\n\n\n\n<p>El programa permetr\u00e0 a les persones participants obtenir un certificat de professionalitat en neteja en espais oberts i instal\u00b7lacions industrials. Aquest \u00e9s un projecte de capacitaci\u00f3 i treball que combina la formaci\u00f3 amb l&#8217;experi\u00e8ncia practica, amb l\u2019objectiu de millorar l\u2019ocupabilitat de les persones participants que no tenen feina i estan en risc d\u2019exclusi\u00f3. Es tracta de proporcionar a aquest col\u00b7lectiu la qualificaci\u00f3 i les compet\u00e8ncies professionals necess\u00e0ries vinculades a l\u2019ocupaci\u00f3 del sector mediambiental perqu\u00e8 puguin reorientar la seva traject\u00f2ria professional i accedir al mercat laboral i\/o retornar al sistema educatiu. El programa, que t\u00e9 una durada total de 6 mesos, amb dos mesos de formaci\u00f3 i un mes de pr\u00e0ctiques. Durant tot el proc\u00e9s s\u2019ofereix als joves orientaci\u00f3 i acompanyament en la recerca de feina.<\/p>\n\n\n\n<p>La formaci\u00f3 s\u2019iniciar\u00e0 a l\u2019octubre&nbsp;i l<strong>es persones interessades ja es poden inscriure o demanar informaci\u00f3 a<\/strong>: escolaoportunitats@sant-adria.net<\/p>\n","protected":false},"excerpt":{"rendered":"<p>Aig\u00fces de Barcelona (AGBAR) amb la col\u00b7laboraci\u00f3 l\u2019Escola d\u2019Oportunitats de Sant Adri\u00e0 iniciar\u00e0 el proper mes d\u2019octubre un programa de Formaci\u00f3 Ocupacional en Medi Ambient, totalment gratu\u00eft, adre\u00e7at a persones joves desocupades, de 16 a 29 anys, amb baixa qualificaci\u00f3 i\/o manca de formaci\u00f3 (no tenen el graduat en ESO o el tenen per\u00f2 no [&hellip;]<\/p>\n","protected":false},"author":2,"featured_media":5366,"comment_status":"open","ping_status":"open","sticky":false,"template":"","format":"standard","meta":{"footnotes":""},"categories":[134],"tags":[],"class_list":{"0":"post-5365","1":"post","2":"type-post","3":"status-publish","4":"format-standard","5":"has-post-thumbnail","7":"category-actualitat"},"_links":{"self":[{"href":"https:\/\/www.areabesos.com\/diario\/wp-json\/wp\/v2\/posts\/5365","targetHints":{"allow":["GET"]}}],"collection":[{"href":"https:\/\/www.areabesos.com\/diario\/wp-json\/wp\/v2\/posts"}],"about":[{"href":"https:\/\/www.areabesos.com\/diario\/wp-json\/wp\/v2\/types\/post"}],"author":[{"embeddable":true,"href":"https:\/\/www.areabesos.com\/diario\/wp-json\/wp\/v2\/users\/2"}],"replies":[{"embeddable":true,"href":"https:\/\/www.areabesos.com\/diario\/wp-json\/wp\/v2\/comments?post=5365"}],"version-history":[{"count":1,"href":"https:\/\/www.areabesos.com\/diario\/wp-json\/wp\/v2\/posts\/5365\/revisions"}],"predecessor-version":[{"id":5367,"href":"https:\/\/www.areabesos.com\/diario\/wp-json\/wp\/v2\/posts\/5365\/revisions\/5367"}],"wp:featuredmedia":[{"embeddable":true,"href":"https:\/\/www.areabesos.com\/diario\/wp-json\/wp\/v2\/media\/5366"}],"wp:attachment":[{"href":"https:\/\/www.areabesos.com\/diario\/wp-json\/wp\/v2\/media?parent=5365"}],"wp:term":[{"taxonomy":"category","embeddable":true,"href":"https:\/\/www.areabesos.com\/diario\/wp-json\/wp\/v2\/categories?post=5365"},{"taxonomy":"post_tag","embeddable":true,"href":"https:\/\/www.areabesos.com\/diario\/wp-json\/wp\/v2\/tags?post=5365"}],"curies":[{"name":"wp","href":"https:\/\/api.w.org\/{rel}","templated":true}]}}