{"id":5362,"date":"2022-07-18T11:16:33","date_gmt":"2022-07-18T09:16:33","guid":{"rendered":"https:\/\/www.areabesos.com\/diario\/?p=5362"},"modified":"2022-07-18T11:16:34","modified_gmt":"2022-07-18T09:16:34","slug":"jan-jimenez-14e-despanya-de-natacio","status":"publish","type":"post","link":"https:\/\/www.areabesos.com\/diario\/jan-jimenez-14e-despanya-de-natacio\/","title":{"rendered":"Jan Jim\u00e9nez, 14\u00e8 d&#8217;Espanya de nataci\u00f3"},"content":{"rendered":"\n<p>En el Campionat d&#8217;Espanya de nataci\u00f3 alev\u00ed, disputat del 14 al 17 de juliol a Ja\u00e9n, el nedador Jan Jim\u00e9nez, del Club Nataci\u00f3 Sant Adri\u00e0, s&#8217;ha classificat 14\u00e8 en els 100m bra\u00e7a. Jim\u00e9nez lluit\u00e0 fins el darrer moment, partia amb el 15\u00e8 temps, per accedir a la Final A si b\u00e9 es va quedar a poc m\u00e9s d&#8217;un segon d&#8217;aconseguir-ho. En les eliminat\u00f2ries va retenir la tercera posici\u00f3 en el r\u00e0nquing catal\u00e0 de la prova que li havia valgut la medalla de bronze en el darrer Campionat de Catalunya.<\/p>\n\n\n\n<p>Aquest Campionat d&#8217;Espanya, a m\u00e9s de culminar una gran progressi\u00f3 al llarg de la temporada de Jan Jim\u00e9nez, ha suposat el retorn del Club Nataci\u00f3 Sant Adri\u00e0 al primer nivell de la nataci\u00f3 estatal en categoria alev\u00ed.<\/p>\n\n\n\n<p><\/p>\n","protected":false},"excerpt":{"rendered":"<p>En el Campionat d&#8217;Espanya de nataci\u00f3 alev\u00ed, disputat del 14 al 17 de juliol a Ja\u00e9n, el nedador Jan Jim\u00e9nez, del Club Nataci\u00f3 Sant Adri\u00e0, s&#8217;ha classificat 14\u00e8 en els 100m bra\u00e7a. Jim\u00e9nez lluit\u00e0 fins el darrer moment, partia amb el 15\u00e8 temps, per accedir a la Final A si b\u00e9 es va quedar a [&hellip;]<\/p>\n","protected":false},"author":2,"featured_media":5363,"comment_status":"open","ping_status":"open","sticky":false,"template":"","format":"standard","meta":{"footnotes":""},"categories":[137],"tags":[],"class_list":{"0":"post-5362","1":"post","2":"type-post","3":"status-publish","4":"format-standard","5":"has-post-thumbnail","7":"category-esports"},"_links":{"self":[{"href":"https:\/\/www.areabesos.com\/diario\/wp-json\/wp\/v2\/posts\/5362","targetHints":{"allow":["GET"]}}],"collection":[{"href":"https:\/\/www.areabesos.com\/diario\/wp-json\/wp\/v2\/posts"}],"about":[{"href":"https:\/\/www.areabesos.com\/diario\/wp-json\/wp\/v2\/types\/post"}],"author":[{"embeddable":true,"href":"https:\/\/www.areabesos.com\/diario\/wp-json\/wp\/v2\/users\/2"}],"replies":[{"embeddable":true,"href":"https:\/\/www.areabesos.com\/diario\/wp-json\/wp\/v2\/comments?post=5362"}],"version-history":[{"count":1,"href":"https:\/\/www.areabesos.com\/diario\/wp-json\/wp\/v2\/posts\/5362\/revisions"}],"predecessor-version":[{"id":5364,"href":"https:\/\/www.areabesos.com\/diario\/wp-json\/wp\/v2\/posts\/5362\/revisions\/5364"}],"wp:featuredmedia":[{"embeddable":true,"href":"https:\/\/www.areabesos.com\/diario\/wp-json\/wp\/v2\/media\/5363"}],"wp:attachment":[{"href":"https:\/\/www.areabesos.com\/diario\/wp-json\/wp\/v2\/media?parent=5362"}],"wp:term":[{"taxonomy":"category","embeddable":true,"href":"https:\/\/www.areabesos.com\/diario\/wp-json\/wp\/v2\/categories?post=5362"},{"taxonomy":"post_tag","embeddable":true,"href":"https:\/\/www.areabesos.com\/diario\/wp-json\/wp\/v2\/tags?post=5362"}],"curies":[{"name":"wp","href":"https:\/\/api.w.org\/{rel}","templated":true}]}}