{"id":5360,"date":"2022-07-18T11:13:30","date_gmt":"2022-07-18T09:13:30","guid":{"rendered":"https:\/\/www.areabesos.com\/diario\/?p=5360"},"modified":"2022-07-18T11:13:30","modified_gmt":"2022-07-18T09:13:30","slug":"el-inviolable-en-un-homenaje-a-las-victimas-del-covid-19","status":"publish","type":"post","link":"https:\/\/www.areabesos.com\/diario\/el-inviolable-en-un-homenaje-a-las-victimas-del-covid-19\/","title":{"rendered":"El inviolable en  un homenaje a las v\u00edctimas del COVID 19"},"content":{"rendered":"\n<p>Hoy tercer homenaje de Estado a las v\u00edctimas del Covid 19, pero lo que yo recuerdo es la foto del inviolable aquel 6 de julio de 2020 con La Vanguardia titulando que \u201cLos Reyes presiden el funeral por las v\u00edctimas del coronavirus en la catedral de la Almudena\u201d. Estaba con su mujer Leticia y sus dos hijas,<\/p>\n\n\n\n<p>Demostrando mucho m\u00e1s respeto por el pueblo espa\u00f1ol que el inviolable, ni el presidente S\u00e1nchez ni el vice Iglesias acudieron a una ceremonia que solo pod\u00eda concernir a los cat\u00f3licos, por mucha piedad para con el pr\u00f3jimo que aparenten los obispos. Por ejemplo, cuando inmatriculaban sin miramientos o cuando siguen poniendo todas las trabas posibles a las investigaciones por pederastia dentro de la Iglesia.<\/p>\n\n\n\n<p>El inviolable \u201crepresenta al Estado espa\u00f1ol\u201d, seg\u00fan la Constituci\u00f3n y, ante el drama de una pandemia, el \u201cEstado\u201d lo son, m\u00e1s que nunca, las personas que lo habitan y que son las que van muriendo, tanto si creen como si no, pues el Covid nunca matar\u00e1 a instituciones, en tanto que tales, como las que residen en La Moncloa o La Zarzuela.<\/p>\n\n\n\n<p>Diez d\u00edas despu\u00e9s, el 16 de julio, se celebrar\u00eda el primer homenaje de Estado, pero el inviolable no intent\u00f3 que los obispos retrasaran su acto en la Almudena, cosa que hubiera conseguido condicionando su presencia. Pero si quien pudo elegir lo correcto no lo hizo, solo podemos concluir que eligi\u00f3 que sucediera lo que prefer\u00eda que ocurriera.<\/p>\n\n\n\n<p>Llegados a este punto, alguien saldr\u00e1 en defensa del inviolable reclamando su derecho a acudir personalmente a actos religiosos, pero tanto la interpretaci\u00f3n realizada por los poderes del Estado sobre el alcance del art\u00edculo 56.3 de la Constituci\u00f3n, como una indiscreci\u00f3n de la ex Carmen Calvo, le niegan ese derecho.<\/p>\n\n\n\n<p>El problema es que el inviolable, aunque parezca lo contrario, no disfruta de derechos de ninguna clase, pues en la sociedad que vivimos el reconocimiento de cualquier derecho a favor de alguien est\u00e1 condicionado a la obligaci\u00f3n de ejercerlo respondiendo ante la justicia, cosa que no se da en el caso del inviolable actual, tal como ha quedado demostrado por el rechazo de los tribunales espa\u00f1oles a tramitar las denuncias presentadas contra el inviolable anterior, su padre para m\u00e1s se\u00f1as.<\/p>\n\n\n\n<p>Por su parte, el d\u00eda 9 de mayo la ex vicepresidenta del Gobierno realiz\u00f3 las siguientes declaraciones, recogidas por \u201cEl Pa\u00eds\u201d: \u201cYo lo plantee (\u201celiminar la inviolabilidad del rey que le exime de responsabilidades penales\u201d), se baraj\u00f3, se puso sobre la mesa y no se vio la oportunidad en ese momento, ni por parte del presidente del Gobierno, ni por parte del PP, ni por parte de la Casa Real\u201d.<\/p>\n\n\n\n<p>Al margen de la maldad de Calvo contra S\u00e1nchez (\u201cni por parte del presidente del Gobierno\u201d), es importante destacar que el inviolable sigue si\u00e9ndolo por voluntad propia pues, al igual que con el funeral de los obispos, si \u00e9l hubiera dicho \u201csuprimamos mi inviolabilidad\u201d, nadie se habr\u00eda opuesto.<\/p>\n\n\n\n<p>Por tanto, uno de los grandes interrogantes que planean sobre la sociedad espa\u00f1ola es definir exactamente quien es el inviolable a la hora de considerarlo una persona, como usted y como yo.<\/p>\n\n\n\n<p>Manteni\u00e9ndose el inviolable al margen de lo previsto en el art\u00edculo 14 de la Constituci\u00f3n, el que consagra \u201cla igualdad de todos ante la ley\u201d, pues no existe ley en Espa\u00f1a que se atreva a igualarle, nos encontramos con el art\u00edculo 65, que s\u00ed concede al inviolable el derecho a distribuir libremente el dinero que recibe de los impuestos \u201cpara el sostenimiento de su Familia y Casa\u201d, as\u00ed como el de \u201cnombrar y relevar libremente a los miembros civiles y militares de su Casa\u201d.<\/p>\n\n\n\n<p>Esto significa que el inviolable anterior s\u00ed podr\u00eda reclamar al inviolable actual, incluso ante los tribunales y por considerarla injusta, la supresi\u00f3n de la asignaci\u00f3n econ\u00f3mica anual que ven\u00eda recibiendo hasta marzo de 2020, pues en el mundo particular de los inviolables puede que exista una justicia espec\u00edfica para resolver sus conflictos.<\/p>\n\n\n\n<p>Desde esta perspectiva, no ser\u00eda de extra\u00f1ar que el inviolable anterior decidiera trasladar su residencia a Abu Dabi para evitar, por ejemplo, momentos de violencia paterno filial que hubieran podido trascender en medio de un Covid 19 que mataba a miles de \u201cviolables\u201d cada semana, y sigue la RAE sin incluir en su diccionario la palabra imprescindible para que la de \u201cinviolable\u201d tenga sentido.<\/p>\n\n\n\n<p>Sumidos en la confusi\u00f3n, es probable que lo \u00fanico en lo que cualquier otra persona se parezca al inviolable de turno sea en esos momentos donde las necesidades fisiol\u00f3gicas nos obligan a descargar excrementos, pero nunca en sentido figurado, pues el inviolable se podr\u00e1 \u201ccagar en nuestra santa madre\u201d y ning\u00fan juez atender\u00e1 nuestro derecho a sentirnos personalmente ofendidos, pero dios nos libre de emplear nuestro derecho a la libertad de expresi\u00f3n para pagar al inviolable con la misma moneda.<\/p>\n\n\n\n<p>Amenazados siempre por un inviolable y gobernados por sucesivas oleadas de cobardes que se benefician indirectamente de la impunidad de que disfruta el inviolable, no se les ocurre pensar que una de las peores verg\u00fcenzas que sufrimos desde la Constituci\u00f3n de 1978 quedar\u00eda inmediatamente resuelta encargando al CIS una encuesta grande y valiente que preguntara a la gente si est\u00e1 de acuerdo con una ley que permite robar o matar a un inviolable sin consecuencias penales. \u00a0<\/p>\n\n\n\n<p><span style=\"background-color:#0d0000\" class=\"td_text_highlight_marker\">Domingo Sanz<\/span><\/p>\n","protected":false},"excerpt":{"rendered":"<p>Hoy tercer homenaje de Estado a las v\u00edctimas del Covid 19, pero lo que yo recuerdo es la foto del inviolable aquel 6 de julio de 2020 con La Vanguardia titulando que \u201cLos Reyes presiden el funeral por las v\u00edctimas del coronavirus en la catedral de la Almudena\u201d. Estaba con su mujer Leticia y sus [&hellip;]<\/p>\n","protected":false},"author":2,"featured_media":1632,"comment_status":"open","ping_status":"open","sticky":false,"template":"","format":"standard","meta":{"footnotes":""},"categories":[139],"tags":[],"class_list":{"0":"post-5360","1":"post","2":"type-post","3":"status-publish","4":"format-standard","5":"has-post-thumbnail","7":"category-opinio"},"_links":{"self":[{"href":"https:\/\/www.areabesos.com\/diario\/wp-json\/wp\/v2\/posts\/5360","targetHints":{"allow":["GET"]}}],"collection":[{"href":"https:\/\/www.areabesos.com\/diario\/wp-json\/wp\/v2\/posts"}],"about":[{"href":"https:\/\/www.areabesos.com\/diario\/wp-json\/wp\/v2\/types\/post"}],"author":[{"embeddable":true,"href":"https:\/\/www.areabesos.com\/diario\/wp-json\/wp\/v2\/users\/2"}],"replies":[{"embeddable":true,"href":"https:\/\/www.areabesos.com\/diario\/wp-json\/wp\/v2\/comments?post=5360"}],"version-history":[{"count":1,"href":"https:\/\/www.areabesos.com\/diario\/wp-json\/wp\/v2\/posts\/5360\/revisions"}],"predecessor-version":[{"id":5361,"href":"https:\/\/www.areabesos.com\/diario\/wp-json\/wp\/v2\/posts\/5360\/revisions\/5361"}],"wp:featuredmedia":[{"embeddable":true,"href":"https:\/\/www.areabesos.com\/diario\/wp-json\/wp\/v2\/media\/1632"}],"wp:attachment":[{"href":"https:\/\/www.areabesos.com\/diario\/wp-json\/wp\/v2\/media?parent=5360"}],"wp:term":[{"taxonomy":"category","embeddable":true,"href":"https:\/\/www.areabesos.com\/diario\/wp-json\/wp\/v2\/categories?post=5360"},{"taxonomy":"post_tag","embeddable":true,"href":"https:\/\/www.areabesos.com\/diario\/wp-json\/wp\/v2\/tags?post=5360"}],"curies":[{"name":"wp","href":"https:\/\/api.w.org\/{rel}","templated":true}]}}