{"id":5358,"date":"2022-07-18T11:11:32","date_gmt":"2022-07-18T09:11:32","guid":{"rendered":"https:\/\/www.areabesos.com\/diario\/?p=5358"},"modified":"2022-07-18T11:11:33","modified_gmt":"2022-07-18T09:11:33","slug":"parlant-amb-joves","status":"publish","type":"post","link":"https:\/\/www.areabesos.com\/diario\/parlant-amb-joves\/","title":{"rendered":"Parlant amb joves"},"content":{"rendered":"\n<p>\u00c9s molt trist, per\u00f2\u00a0real. Fa\u00a0algun temps feia classes a estudiants de\u00a0batxillerat. Durant\u00a0aquest temps, parli\u00a0amb aquests joves, i crec que arribi a entendre&#8217;ls i endevinar el que li passaven\u00a0i quins\u00a0eren els seus\u00a0objectius. Unes\u00a0d&#8217;aquestes tardes informals,\u00a0en qu\u00e8 es parlava de tot,\u00a0els pregunti,\u00a0qui s&#8217;havia plantejat muntar una empresa en acabar els seus estudis,\u00a0nom\u00e9s un de 30,\u00a0em va dir que\u00a0volia\u00a0ser\u00a0empresari. La\u00a0majoria volia dedicar les seves capacitats per a preparar oposicions (el que els recomanen els seus pares). El\u00a0que realment els sedueix \u00e9s arribar a l&#8217;oficina amb aire pesat al mat\u00ed i sortir a les 3 de la tarda amb la idea que l&#8217;endem\u00e0 realitzessin el mateix,\u00a0i molts anys despr\u00e9s\u00a0continuaran\u00a0igual. No\u00a0devem\u00a0culpar\u00a0els joves,\u00a0ja que aquest \u00e9s el missatge que est\u00e0 transmetent la societat en qu\u00e8 viuen. No tenen moltes sortides, despr\u00e9s d&#8217;acabar les seves\u00a0carreres. Avui\u00a0dia tenim m\u00e9s de 3 milions de funcionaris,\u00a0amb sous i treball garantit. En una\u00a0economia\u00a0estancada com tenim,\u00a0\u00e9s normal buscar f\u00f3rmules per a sobreviure treballant per a l&#8217;estat o entrar en la pol\u00edtica. Segurament haurem de comen\u00e7ar a pensar que podem oferir als nostres fills en aquests nous temps,\u00a0les coses han canviat i segons sembla ning\u00fa\u00a0ha\u00a0aportat solucions\u00a0a aquestes defici\u00e8ncies,\u00a0continuem funcionant amb els sistemes anteriors,\u00a0donant les possibilitats de\u00a0m\u00e0xims\u00a0estudis,\u00a0encara que despr\u00e9s el mercat no\u00a0est\u00e0\u00a0preparat perqu\u00e8 s&#8217;incorporin.<\/p>\n\n\n\n<p><span style=\"background-color:#0c0000\" class=\"td_text_highlight_marker\">Josep Meg\u00edas<\/span><\/p>\n","protected":false},"excerpt":{"rendered":"<p>\u00c9s molt trist, per\u00f2\u00a0real. Fa\u00a0algun temps feia classes a estudiants de\u00a0batxillerat. Durant\u00a0aquest temps, parli\u00a0amb aquests joves, i crec que arribi a entendre&#8217;ls i endevinar el que li passaven\u00a0i quins\u00a0eren els seus\u00a0objectius. Unes\u00a0d&#8217;aquestes tardes informals,\u00a0en qu\u00e8 es parlava de tot,\u00a0els pregunti,\u00a0qui s&#8217;havia plantejat muntar una empresa en acabar els seus estudis,\u00a0nom\u00e9s un de 30,\u00a0em va dir [&hellip;]<\/p>\n","protected":false},"author":2,"featured_media":4803,"comment_status":"open","ping_status":"open","sticky":false,"template":"","format":"standard","meta":{"footnotes":""},"categories":[139],"tags":[],"class_list":{"0":"post-5358","1":"post","2":"type-post","3":"status-publish","4":"format-standard","5":"has-post-thumbnail","7":"category-opinio"},"_links":{"self":[{"href":"https:\/\/www.areabesos.com\/diario\/wp-json\/wp\/v2\/posts\/5358","targetHints":{"allow":["GET"]}}],"collection":[{"href":"https:\/\/www.areabesos.com\/diario\/wp-json\/wp\/v2\/posts"}],"about":[{"href":"https:\/\/www.areabesos.com\/diario\/wp-json\/wp\/v2\/types\/post"}],"author":[{"embeddable":true,"href":"https:\/\/www.areabesos.com\/diario\/wp-json\/wp\/v2\/users\/2"}],"replies":[{"embeddable":true,"href":"https:\/\/www.areabesos.com\/diario\/wp-json\/wp\/v2\/comments?post=5358"}],"version-history":[{"count":1,"href":"https:\/\/www.areabesos.com\/diario\/wp-json\/wp\/v2\/posts\/5358\/revisions"}],"predecessor-version":[{"id":5359,"href":"https:\/\/www.areabesos.com\/diario\/wp-json\/wp\/v2\/posts\/5358\/revisions\/5359"}],"wp:featuredmedia":[{"embeddable":true,"href":"https:\/\/www.areabesos.com\/diario\/wp-json\/wp\/v2\/media\/4803"}],"wp:attachment":[{"href":"https:\/\/www.areabesos.com\/diario\/wp-json\/wp\/v2\/media?parent=5358"}],"wp:term":[{"taxonomy":"category","embeddable":true,"href":"https:\/\/www.areabesos.com\/diario\/wp-json\/wp\/v2\/categories?post=5358"},{"taxonomy":"post_tag","embeddable":true,"href":"https:\/\/www.areabesos.com\/diario\/wp-json\/wp\/v2\/tags?post=5358"}],"curies":[{"name":"wp","href":"https:\/\/api.w.org\/{rel}","templated":true}]}}