{"id":5204,"date":"2022-07-01T14:43:10","date_gmt":"2022-07-01T12:43:10","guid":{"rendered":"https:\/\/www.areabesos.com\/diario\/?p=5204"},"modified":"2022-07-04T10:49:59","modified_gmt":"2022-07-04T08:49:59","slug":"lajuntament-de-sant-adria-denega-la-llicencia-dactivitat-per-a-la-celebracio-del-barcelona-beach-festival","status":"publish","type":"post","link":"https:\/\/www.areabesos.com\/diario\/lajuntament-de-sant-adria-denega-la-llicencia-dactivitat-per-a-la-celebracio-del-barcelona-beach-festival\/","title":{"rendered":"L&#8217;Ajuntament de Sant Adri\u00e0 denega la llic\u00e8ncia d&#8217;activitat per a la celebraci\u00f3 del Barcelona Beach Festival"},"content":{"rendered":"\n<p>L\u2019Ajuntament de Sant Adri\u00e0 de Bes\u00f2s acaba d&#8217;anunciar que ha denegat la llic\u00e8ncia d\u2019activitat al Barcelona Beach Festival (BBF) perqu\u00e8 no compta amb l\u2019informe preceptiu i vinculant de la Direcci\u00f3 General de Prevenci\u00f3, Extinci\u00f3 d\u2019Incendis i Salvaments de la Generalitat per atorgar-la. El festival ja ho tenia tot preparat per aixecar el tel\u00f3, despr\u00e9s de dos anys sense celebrar-se per la pand\u00e8mia, dem\u00e0 dissabte, 2 de juliol, a la platja del F\u00f2rum.<\/p>\n\n\n\n<p>El consistori explica que l\u2019empresa promotora del festival, Live Nation, va presentar la documentaci\u00f3 necess\u00e0ria per demanar l\u2019informe preceptiu i vinculant de la Direcci\u00f3 General de Prevenci\u00f3, Extinci\u00f3 d\u2019Incendis i Salvaments fora de termini, el 22 de juny, quan la llei estableix que s\u2019ha de presentar <strong>com a m\u00e0xim 15 dies h\u00e0bils abans de l\u2019inici de l\u2019activitat.<\/strong> En aquest cas la documentaci\u00f3 s\u2019hauria d\u2019haver presentat com a data m\u00e0xima el 10 de juny.<\/p>\n\n\n\n<p>Malgrat aix\u00f2, l\u2019Ajuntament de Sant Adri\u00e0 \u00abamb la voluntat de que es pogu\u00e9s celebrar la setena edici\u00f3 del BBF, va fer la petici\u00f3 de l\u2019informe a la Direcci\u00f3 General de Prevenci\u00f3, Extinci\u00f3 d\u2019Incendis i Salvaments que finalment ha denegat\u00bb.<\/p>\n\n\n\n<p>Per aquest motiu, l\u2019Ajuntament de Sant Adri\u00e0, per tal de complir amb la normativa i garantir la seguretat, no pot atorgar la llic\u00e8ncia d\u2019activitat per a la celebraci\u00f3 del Barcelona Beach Festival d\u2019enguany.<\/p>\n","protected":false},"excerpt":{"rendered":"<p>L\u2019Ajuntament de Sant Adri\u00e0 de Bes\u00f2s acaba d&#8217;anunciar que ha denegat la llic\u00e8ncia d\u2019activitat al Barcelona Beach Festival (BBF) perqu\u00e8 no compta amb l\u2019informe preceptiu i vinculant de la Direcci\u00f3 General de Prevenci\u00f3, Extinci\u00f3 d\u2019Incendis i Salvaments de la Generalitat per atorgar-la. El festival ja ho tenia tot preparat per aixecar el tel\u00f3, despr\u00e9s de [&hellip;]<\/p>\n","protected":false},"author":1,"featured_media":5220,"comment_status":"open","ping_status":"open","sticky":false,"template":"","format":"standard","meta":{"footnotes":""},"categories":[134,136],"tags":[],"class_list":{"0":"post-5204","1":"post","2":"type-post","3":"status-publish","4":"format-standard","5":"has-post-thumbnail","7":"category-actualitat","8":"category-cultura"},"_links":{"self":[{"href":"https:\/\/www.areabesos.com\/diario\/wp-json\/wp\/v2\/posts\/5204","targetHints":{"allow":["GET"]}}],"collection":[{"href":"https:\/\/www.areabesos.com\/diario\/wp-json\/wp\/v2\/posts"}],"about":[{"href":"https:\/\/www.areabesos.com\/diario\/wp-json\/wp\/v2\/types\/post"}],"author":[{"embeddable":true,"href":"https:\/\/www.areabesos.com\/diario\/wp-json\/wp\/v2\/users\/1"}],"replies":[{"embeddable":true,"href":"https:\/\/www.areabesos.com\/diario\/wp-json\/wp\/v2\/comments?post=5204"}],"version-history":[{"count":3,"href":"https:\/\/www.areabesos.com\/diario\/wp-json\/wp\/v2\/posts\/5204\/revisions"}],"predecessor-version":[{"id":5210,"href":"https:\/\/www.areabesos.com\/diario\/wp-json\/wp\/v2\/posts\/5204\/revisions\/5210"}],"wp:featuredmedia":[{"embeddable":true,"href":"https:\/\/www.areabesos.com\/diario\/wp-json\/wp\/v2\/media\/5220"}],"wp:attachment":[{"href":"https:\/\/www.areabesos.com\/diario\/wp-json\/wp\/v2\/media?parent=5204"}],"wp:term":[{"taxonomy":"category","embeddable":true,"href":"https:\/\/www.areabesos.com\/diario\/wp-json\/wp\/v2\/categories?post=5204"},{"taxonomy":"post_tag","embeddable":true,"href":"https:\/\/www.areabesos.com\/diario\/wp-json\/wp\/v2\/tags?post=5204"}],"curies":[{"name":"wp","href":"https:\/\/api.w.org\/{rel}","templated":true}]}}