{"id":5177,"date":"2022-06-26T11:40:00","date_gmt":"2022-06-26T09:40:00","guid":{"rendered":"https:\/\/www.areabesos.com\/diario\/?p=5177"},"modified":"2022-06-30T11:41:10","modified_gmt":"2022-06-30T09:41:10","slug":"arrenca-la-segona-edicio-demprenedona-per-a-30-dones-empresaries-del-territori","status":"publish","type":"post","link":"https:\/\/www.areabesos.com\/diario\/arrenca-la-segona-edicio-demprenedona-per-a-30-dones-empresaries-del-territori\/","title":{"rendered":"Arrenca la segona edici\u00f3 d\u2019Emprenedona per a 30 dones empres\u00e0ries del territori"},"content":{"rendered":"\n<p>Arrenca la 2a edici\u00f3 d\u2019EmpreneDona, el programa adre\u00e7at a dones empres\u00e0ries i emprenedores del territori. La iniciativa, impulsada pels Ajuntaments de Sant Adri\u00e0 de Bes\u00f2s i Santa Coloma de Gramenet, subvencionada per la Diputaci\u00f3 de Barcelona, busca empoderar econ\u00f2micament i personalment les dones, a partir de sessions enfocades a millorar les compet\u00e8ncies t\u00e8cniques, digitals, comunicacionals i emocionals dels seus negocis i projectes. Emprenedona es dur\u00e0 a terme entre juliol i desembre.<\/p>\n\n\n\n<p>L\u2019itinerari que ofereix&nbsp;<strong>EmpreneDona<\/strong>&nbsp;\u00e9s complert, alternatiu i flexible i inclou des de tallers formatius en \u00e0rees clau en format te\u00f2ric, pr\u00e0ctic i d\u2019aplicaci\u00f3 directa als projectes de les participants \u2013m\u00e0rqueting, comunicaci\u00f3, finances, intel\u00b7lig\u00e8ncia emocional, entre d\u2019altres\u2013, fins a sessions especialitzades d\u2019assessorament empresarial i&nbsp;<em>coaching&nbsp;<\/em>i espais informals de construcci\u00f3 col\u00b7lectiva. Al llarg del programa, les dones tamb\u00e9 rebran seguiment personalitzat per part de l\u2019equip de t\u00e8cniques municipals.<\/p>\n\n\n\n<p>Per tal de donar a con\u00e8ixer el programa, s\u2019han programat sessions informatives. Si est\u00e0s interessada a participar-hi pots fer la inscripci\u00f3 a la sessi\u00f3 que et vagi millor. La programaci\u00f3 \u00e9s la seg\u00fcent (accedireu a l\u2019enlla\u00e7 de les inscripcions col\u00b7locant el cursor a sobre de la data):<\/p>\n\n\n\n<p>Sessi\u00f3 informativa en l\u00ednia&nbsp;<strong><a href=\"https:\/\/www.grameimpuls.cat\/homepage\/cursos\/?cat=formacio&amp;postid=606&amp;color=bg_color1&amp;idFormacio=4544&amp;cercador=1\">dijous 30 de juny<\/a>, de 9:30 a 10:30 hores.<\/strong><\/p>\n\n\n\n<p>Sessi\u00f3 informativa en l\u00ednia&nbsp;<strong><a href=\"https:\/\/www.grameimpuls.cat\/homepage\/cursos\/?cat=formacio&amp;postid=606&amp;color=bg_color1&amp;idFormacio=4545&amp;cercador=1\">dimarts 5 de juliol<\/a>, de 14:30 a 15:30 hores.<\/strong><\/p>\n\n\n\n<p>Sessi\u00f3 informativa en l\u00ednia&nbsp;<strong><a href=\"https:\/\/www.grameimpuls.cat\/homepage\/cursos\/?cat=formacio&amp;postid=606&amp;color=bg_color1&amp;idFormacio=4546&amp;cercador=1\">dilluns 11 de juliol<\/a>, de 9:30 a 10:30 hores.<\/strong><\/p>\n\n\n\n<p>Cal destacar que&nbsp;<strong><a href=\"https:\/\/www.grameimpuls.cat\/homepage\/cursos\/?cat=formacio&amp;postid=606&amp;color=bg_color1&amp;idFormacio=4549&amp;cercador=1\">divendres 8 de juliol<\/a>, de 10:00 a 12:00 hores<\/strong>, tindr\u00e0 lloc la&nbsp;<strong>presentaci\u00f3<\/strong>&nbsp;d&#8217;aquest programa a&nbsp;<strong>l&#8217;espai de la Ciba<\/strong>&nbsp;(Passeig de Lloren\u00e7 Serra, 64, 08921, Santa Coloma de Gramenet), per a la qual caldr\u00e0 inscripci\u00f3 pr\u00e8via at\u00e8s que la sessi\u00f3 \u00e9s presencial i l&#8217;aforament \u00e9s limitat.<\/p>\n\n\n\n<p>Aquesta \u00e9s la segona edici\u00f3 d\u2019un programa que es va engegar l\u2019any passat amb resultats molt positius. En la primera edici\u00f3 van participar 40 dones emprenedores i empres\u00e0ries d\u2019ambd\u00f3s municipis, amb itineraris personalitzats i amb un grau de satisfacci\u00f3 global per sobre del 9 sobre 10. M\u00e9s informaci\u00f3 al 93 462 28 74 o al correu&nbsp;<a href=\"mailto:empresaiemprenedoria@sant-adria.net\">empresaiemprenedoria@sant-adria.net<\/a><\/p>\n","protected":false},"excerpt":{"rendered":"<p>Arrenca la 2a edici\u00f3 d\u2019EmpreneDona, el programa adre\u00e7at a dones empres\u00e0ries i emprenedores del territori. La iniciativa, impulsada pels Ajuntaments de Sant Adri\u00e0 de Bes\u00f2s i Santa Coloma de Gramenet, subvencionada per la Diputaci\u00f3 de Barcelona, busca empoderar econ\u00f2micament i personalment les dones, a partir de sessions enfocades a millorar les compet\u00e8ncies t\u00e8cniques, digitals, comunicacionals [&hellip;]<\/p>\n","protected":false},"author":2,"featured_media":5178,"comment_status":"open","ping_status":"open","sticky":false,"template":"","format":"standard","meta":{"footnotes":""},"categories":[134],"tags":[],"class_list":{"0":"post-5177","1":"post","2":"type-post","3":"status-publish","4":"format-standard","5":"has-post-thumbnail","7":"category-actualitat"},"_links":{"self":[{"href":"https:\/\/www.areabesos.com\/diario\/wp-json\/wp\/v2\/posts\/5177","targetHints":{"allow":["GET"]}}],"collection":[{"href":"https:\/\/www.areabesos.com\/diario\/wp-json\/wp\/v2\/posts"}],"about":[{"href":"https:\/\/www.areabesos.com\/diario\/wp-json\/wp\/v2\/types\/post"}],"author":[{"embeddable":true,"href":"https:\/\/www.areabesos.com\/diario\/wp-json\/wp\/v2\/users\/2"}],"replies":[{"embeddable":true,"href":"https:\/\/www.areabesos.com\/diario\/wp-json\/wp\/v2\/comments?post=5177"}],"version-history":[{"count":1,"href":"https:\/\/www.areabesos.com\/diario\/wp-json\/wp\/v2\/posts\/5177\/revisions"}],"predecessor-version":[{"id":5179,"href":"https:\/\/www.areabesos.com\/diario\/wp-json\/wp\/v2\/posts\/5177\/revisions\/5179"}],"wp:featuredmedia":[{"embeddable":true,"href":"https:\/\/www.areabesos.com\/diario\/wp-json\/wp\/v2\/media\/5178"}],"wp:attachment":[{"href":"https:\/\/www.areabesos.com\/diario\/wp-json\/wp\/v2\/media?parent=5177"}],"wp:term":[{"taxonomy":"category","embeddable":true,"href":"https:\/\/www.areabesos.com\/diario\/wp-json\/wp\/v2\/categories?post=5177"},{"taxonomy":"post_tag","embeddable":true,"href":"https:\/\/www.areabesos.com\/diario\/wp-json\/wp\/v2\/tags?post=5177"}],"curies":[{"name":"wp","href":"https:\/\/api.w.org\/{rel}","templated":true}]}}