{"id":5149,"date":"2022-06-23T11:22:00","date_gmt":"2022-06-23T09:22:00","guid":{"rendered":"https:\/\/www.areabesos.com\/diario\/?p=5149"},"modified":"2022-06-27T11:34:27","modified_gmt":"2022-06-27T09:34:27","slug":"barnabitas-rep-una-donacio-de-la-fundacio-la-caixa-pel-seu-projecte-de-salut-bucodental","status":"publish","type":"post","link":"https:\/\/www.areabesos.com\/diario\/barnabitas-rep-una-donacio-de-la-fundacio-la-caixa-pel-seu-projecte-de-salut-bucodental\/","title":{"rendered":"Barnabitas rep una donaci\u00f3 de la Fundaci\u00f3 La Caixa pel seu projecte de salut bucodental"},"content":{"rendered":"\n<p>Avui, 23 de juny, l&#8217;Associaci\u00f3 Juvenil Barnabitas ha signat un donativo de 8.000 euros per part de la Fundaci\u00f3 La Caixa destinada al projecte \u00abSomriu. Salut Bucodental\u00bb. A l&#8217;acte han estat presents Irene Vig\u00f3n, directora de Caixabank, la subdirectora Imma Andreu, el responsable de l&#8217;entidad, Juan Vizca\u00edno, i Imma i Laura, representants de la Fundaci\u00f3 Pere Tarr\u00e9s.<\/p>\n\n\n\n<p>El projecte pret\u00e9n millorar la salut bucodental i la higiene dels infants i joves que participen en les activitats i centres oberts que organitza Barnabitas, la majoria d&#8217;ells en situaci\u00f3 socioecon\u00f2mica prec\u00e0ria. <\/p>\n\n\n\n<p>Tota la informaci\u00f3 del projecte en aquest <a href=\"http:\/\/www.ajbarnabitas.org\/acte-oficial-amb-caixabank\/\">enlla\u00e7<\/a><a href=\"http:\/\/www.ajbarnabitas.org\/acte-oficial-amb-caixabank\/\" target=\"_blank\" rel=\"noreferrer noopener\">http:\/\/www.ajbarnabitas.org\/acte-oficial-amb-caixabank\/<\/a>.<\/p>\n","protected":false},"excerpt":{"rendered":"<p>Avui, 23 de juny, l&#8217;Associaci\u00f3 Juvenil Barnabitas ha signat un donativo de 8.000 euros per part de la Fundaci\u00f3 La Caixa destinada al projecte \u00abSomriu. Salut Bucodental\u00bb. A l&#8217;acte han estat presents Irene Vig\u00f3n, directora de Caixabank, la subdirectora Imma Andreu, el responsable de l&#8217;entidad, Juan Vizca\u00edno, i Imma i Laura, representants de la Fundaci\u00f3 [&hellip;]<\/p>\n","protected":false},"author":1,"featured_media":5150,"comment_status":"open","ping_status":"open","sticky":false,"template":"","format":"standard","meta":{"footnotes":""},"categories":[134,135],"tags":[],"class_list":{"0":"post-5149","1":"post","2":"type-post","3":"status-publish","4":"format-standard","5":"has-post-thumbnail","7":"category-actualitat","8":"category-societat"},"_links":{"self":[{"href":"https:\/\/www.areabesos.com\/diario\/wp-json\/wp\/v2\/posts\/5149","targetHints":{"allow":["GET"]}}],"collection":[{"href":"https:\/\/www.areabesos.com\/diario\/wp-json\/wp\/v2\/posts"}],"about":[{"href":"https:\/\/www.areabesos.com\/diario\/wp-json\/wp\/v2\/types\/post"}],"author":[{"embeddable":true,"href":"https:\/\/www.areabesos.com\/diario\/wp-json\/wp\/v2\/users\/1"}],"replies":[{"embeddable":true,"href":"https:\/\/www.areabesos.com\/diario\/wp-json\/wp\/v2\/comments?post=5149"}],"version-history":[{"count":1,"href":"https:\/\/www.areabesos.com\/diario\/wp-json\/wp\/v2\/posts\/5149\/revisions"}],"predecessor-version":[{"id":5151,"href":"https:\/\/www.areabesos.com\/diario\/wp-json\/wp\/v2\/posts\/5149\/revisions\/5151"}],"wp:featuredmedia":[{"embeddable":true,"href":"https:\/\/www.areabesos.com\/diario\/wp-json\/wp\/v2\/media\/5150"}],"wp:attachment":[{"href":"https:\/\/www.areabesos.com\/diario\/wp-json\/wp\/v2\/media?parent=5149"}],"wp:term":[{"taxonomy":"category","embeddable":true,"href":"https:\/\/www.areabesos.com\/diario\/wp-json\/wp\/v2\/categories?post=5149"},{"taxonomy":"post_tag","embeddable":true,"href":"https:\/\/www.areabesos.com\/diario\/wp-json\/wp\/v2\/tags?post=5149"}],"curies":[{"name":"wp","href":"https:\/\/api.w.org\/{rel}","templated":true}]}}