{"id":5146,"date":"2022-06-27T10:59:08","date_gmt":"2022-06-27T08:59:08","guid":{"rendered":"https:\/\/www.areabesos.com\/diario\/?p=5146"},"modified":"2022-06-27T10:59:08","modified_gmt":"2022-06-27T08:59:08","slug":"sant-adria-celebra-el-dia-de-lalliberament-lgtbiq","status":"publish","type":"post","link":"https:\/\/www.areabesos.com\/diario\/sant-adria-celebra-el-dia-de-lalliberament-lgtbiq\/","title":{"rendered":"Sant Adri\u00e0 celebra el Dia de l&#8217;Alliberament LGTBIQ+"},"content":{"rendered":"\n<p>El&nbsp;<strong>Dia de l&#8217;Alliberament LGBTIQ+<\/strong>&nbsp;\u00e9s el principal dia de reivindicaci\u00f3 i visibilitzaci\u00f3 del col\u00b7lectiu LGBTIQ+. \u00c9s un col\u00b7lectiu que ha estat tradicionalment estigmatitzat, i encara ara pateix invisibilitzaci\u00f3, discriminaci\u00f3 i viol\u00e8ncia.<\/p>\n\n\n\n<p>En aquesta data&nbsp;<strong>es reivindiquen els drets de les persones lesbianes, gais, bisexuals, trans*, queer<\/strong>&nbsp;i totes les identitats recollides en el + de l&#8217;acr\u00f2nim LGBTIQ+&nbsp;<strong>i de qualsevol persona que visqui fora de la cis-hetero-norma<\/strong>.<\/p>\n\n\n\n<p>Aix\u00ed mateix, es vol<strong>&nbsp;recon\u00e8ixer i visibilitzar la diversitat afectivosexual, d&#8217;identitat de g\u00e8nere i d&#8217;expressi\u00f3 de g\u00e8nere<\/strong>, i celebrar tots els drets i canvis aconseguits fins al moment.<\/p>\n\n\n\n<p>El nostre municipi commemora aquest dia, on s&#8217;han organitzat diferents activitats orientades a sensibilitzar envers la diversitat i a combatre les diferents formes de lgbtif\u00f2bia.<\/p>\n\n\n\n<h3 class=\"wp-block-heading\"><strong>Programa activitats<\/strong><\/h3>\n\n\n\n<p><strong>*Dimarts, 28 de juny<\/strong><\/p>\n\n\n\n<p><strong>De 18 a 19.30 h Festa LGBTI &#8211; Activitats infantils<\/strong><\/p>\n\n\n\n<ul class=\"wp-block-list\"><li>Espai infantil \u00abEls ninots\u00bb<\/li><li>Contacontes<\/li><li>Taller de xapes<\/li><li>Taller \u00abOmplim de colors Sant Adri\u00e0\u00bb<\/li><\/ul>\n\n\n\n<p>A c\u00e0rrec del Centre Cultural Bes\u00f2s, CIOD, SAI i l&#8217;Associaci\u00f3 de dones Bienvenidas<\/p>\n\n\n\n<p>Lloc: Parc II (Pla\u00e7a Pius XII) al Barri del Bes\u00f2s<\/p>\n\n\n\n<p><strong>De 18 a 19.30 h Amb Orgull al Polidor<\/strong><\/p>\n\n\n\n<ul class=\"wp-block-list\"><li>Photocall LGTBI<\/li><li>Karaoke LGTBI<\/li><li>Taller de xapes<\/li><li>Taller \u00abOmplim de colors Sant Adri\u00e0\u00bb<\/li><\/ul>\n\n\n\n<p>A c\u00e0rrec del Centre de Producci\u00f3 cultural i juvenil Polidor, CIOD i SAI.<\/p>\n\n\n\n<p>Lloc: al Polidor (Pla\u00e7a Guillermo Vida\u00f1a i Haro)<\/p>\n\n\n\n<p><strong>*Dimecres, 29 de juny<\/strong><\/p>\n\n\n\n<p><strong>16.30 h Cinema i crispetes<\/strong><\/p>\n\n\n\n<p>al CIOD amb la pel\u00b7l\u00edcula \u00abUna mujer en llamas\u00bb<\/p>\n\n\n\n<p><strong>Inscripci\u00f3 pr\u00e9via<\/strong><\/p>\n\n\n\n<p><strong>*Fins al 30 de juny<\/strong><\/p>\n\n\n\n<p><strong>Exposici\u00f3 \u201cAmb Orgull\u201d<\/strong><\/p>\n\n\n\n<p>Al Centre Cultural Bes\u00f2s i al Centre de Producci\u00f3 cultural i juvenil Polidor<\/p>\n\n\n\n<p><strong>*Del 27 de juny al 1 de juliol<\/strong><\/p>\n\n\n\n<p><strong>Fons Documental de G\u00e8nere. Contes i llibres per a la diversitat sexual<\/strong><\/p>\n\n\n\n<p>Servei de pr\u00e9stec al CIOD<\/p>\n\n\n\n<p><strong>*Dilluns, 11 de juliol<\/strong><\/p>\n\n\n\n<p><strong>18 h Presentaci\u00f3 del nou Pla LBGTI de Sant Adri\u00e0 a c\u00e0rrec de SURT<\/strong><\/p>\n\n\n\n<p>a la Biblioteca de Sant Adri\u00e0<\/p>\n\n\n\n<p><strong>19 h FESTA \u00abOmplim de colors Sant Adri\u00e0\u00bb amb una Holi party.<\/strong><\/p>\n\n\n\n<p>a la pla\u00e7a Guillermo Vida\u00f1a<\/p>\n\n\n\n<p><strong>Aforament limitat.<\/strong>&nbsp;Es lliurar\u00e0 als participants un pack de pols Holi.<\/p>\n\n\n\n<p><strong>Mes informaci\u00f3 i inscripcions al CIOD<\/strong><\/p>\n\n\n\n<p>C. Les Escoles, 10 baixos. t. 93 462 11 21<\/p>\n\n\n\n<p>infodonaciod@sant-adria.net<\/p>\n\n\n\n<p><strong>Organitza:<\/strong>&nbsp;CIOD,&nbsp;SAI,&nbsp;Centre Cultural Bes\u00f2s&nbsp;,&nbsp;Centre Juvenil POLIDOR, Regidoria de Pol\u00edtiques d&#8217;Igualtat, Regidoria de Joventut i Regidoria de Cultura.<\/p>\n","protected":false},"excerpt":{"rendered":"<p>El&nbsp;Dia de l&#8217;Alliberament LGBTIQ+&nbsp;\u00e9s el principal dia de reivindicaci\u00f3 i visibilitzaci\u00f3 del col\u00b7lectiu LGBTIQ+. \u00c9s un col\u00b7lectiu que ha estat tradicionalment estigmatitzat, i encara ara pateix invisibilitzaci\u00f3, discriminaci\u00f3 i viol\u00e8ncia. En aquesta data&nbsp;es reivindiquen els drets de les persones lesbianes, gais, bisexuals, trans*, queer&nbsp;i totes les identitats recollides en el + de l&#8217;acr\u00f2nim LGBTIQ+&nbsp;i de [&hellip;]<\/p>\n","protected":false},"author":1,"featured_media":5147,"comment_status":"open","ping_status":"open","sticky":false,"template":"","format":"standard","meta":{"footnotes":""},"categories":[134],"tags":[],"class_list":{"0":"post-5146","1":"post","2":"type-post","3":"status-publish","4":"format-standard","5":"has-post-thumbnail","7":"category-actualitat"},"_links":{"self":[{"href":"https:\/\/www.areabesos.com\/diario\/wp-json\/wp\/v2\/posts\/5146","targetHints":{"allow":["GET"]}}],"collection":[{"href":"https:\/\/www.areabesos.com\/diario\/wp-json\/wp\/v2\/posts"}],"about":[{"href":"https:\/\/www.areabesos.com\/diario\/wp-json\/wp\/v2\/types\/post"}],"author":[{"embeddable":true,"href":"https:\/\/www.areabesos.com\/diario\/wp-json\/wp\/v2\/users\/1"}],"replies":[{"embeddable":true,"href":"https:\/\/www.areabesos.com\/diario\/wp-json\/wp\/v2\/comments?post=5146"}],"version-history":[{"count":1,"href":"https:\/\/www.areabesos.com\/diario\/wp-json\/wp\/v2\/posts\/5146\/revisions"}],"predecessor-version":[{"id":5148,"href":"https:\/\/www.areabesos.com\/diario\/wp-json\/wp\/v2\/posts\/5146\/revisions\/5148"}],"wp:featuredmedia":[{"embeddable":true,"href":"https:\/\/www.areabesos.com\/diario\/wp-json\/wp\/v2\/media\/5147"}],"wp:attachment":[{"href":"https:\/\/www.areabesos.com\/diario\/wp-json\/wp\/v2\/media?parent=5146"}],"wp:term":[{"taxonomy":"category","embeddable":true,"href":"https:\/\/www.areabesos.com\/diario\/wp-json\/wp\/v2\/categories?post=5146"},{"taxonomy":"post_tag","embeddable":true,"href":"https:\/\/www.areabesos.com\/diario\/wp-json\/wp\/v2\/tags?post=5146"}],"curies":[{"name":"wp","href":"https:\/\/api.w.org\/{rel}","templated":true}]}}