{"id":5143,"date":"2022-06-27T10:53:53","date_gmt":"2022-06-27T08:53:53","guid":{"rendered":"https:\/\/www.areabesos.com\/diario\/?p=5143"},"modified":"2022-06-27T10:53:54","modified_gmt":"2022-06-27T08:53:54","slug":"del-tarajal-a-melilla-pasando-por-aylan-kurdi","status":"publish","type":"post","link":"https:\/\/www.areabesos.com\/diario\/del-tarajal-a-melilla-pasando-por-aylan-kurdi\/","title":{"rendered":"Del Tarajal a  Melilla, pasando por Aylan Kurdi"},"content":{"rendered":"\n<p>Es imposible no calificar de asesinato colectivo la muerte de las 37 personas que intentaban entrar ilegalmente en Espa\u00f1a, tal hubiera sido su delito, saltando la valla que separa Melilla de Marruecos, pa\u00eds al que pertenecen los polic\u00edas que han realizado los disparos criminales.<\/p>\n\n\n\n<p>Por si a\u00fan no se ha hecho la pregunta inevitable, la har\u00e9 yo: \u00bfcree usted que Marruecos realizar\u00e1 una investigaci\u00f3n a fondo de lo sucedido y juzgar\u00e1 y condenar\u00e1 a los culpables?<\/p>\n\n\n\n<p>El 6 de febrero de 2014 fue imposible no calificar de asesinato la muerte de 15 personas que intentaban entrar ilegalmente en Espa\u00f1a, tal hubiera sido su delito, nadando por las aguas m\u00e1s heladas del invierno entre Marruecos y Ceuta, desde donde 56 guardias civiles espa\u00f1oles les dispararon 145 balas de goma y 5 botes de humo para evitar que alcanzaran tierra firme en la playa del Tarajal.<\/p>\n\n\n\n<p>Por si a\u00fan no conoce la respuesta, le informar\u00e9 yo: el d\u00eda 2 de este mismo mes de junio el Tribunal Supremo ha confirmado el archivo de la causa planteada por la Comisi\u00f3n Espa\u00f1ola de Ayuda al Refugiado y otras entidades contra los guardias civiles que realizaron aquellos disparos criminales.<\/p>\n\n\n\n<p>El 2 de septiembre de 2015, es decir, un a\u00f1o y medio despu\u00e9s de la \u201cTragedia del Tarajal\u201d, apareci\u00f3 el cad\u00e1ver de un ni\u00f1o de tres a\u00f1os llamado Ayl\u00e1n Kurdi. Nunca olvidar\u00e9, quiz\u00e1s usted tampoco, que yac\u00eda tumbado boca abajo sobre la arena de una playa turca, que vest\u00eda una camiseta roja, unos pantalones azules y que a\u00fan llevaba sus zapatitos puestos. El \u00fanico responsable de su muerte fue la sociedad en que vivimos. El mar es inocente, porque estaba antes.<\/p>\n\n\n\n<p>Quiz\u00e1s porque, de repente, nos dimos cuenta de lo que estamos haciendo gracias a una foto que pod\u00eda ser la de cualquiera de nuestros ni\u00f1os en cualquiera de nuestras playas, su impacto fue brutal. Y quiz\u00e1s fue aquella sacudida en millones de conciencias lo que llev\u00f3 a los dirigentes de la UE a firmar el 18 de marzo de 2016, es decir, s\u00f3lo seis meses despu\u00e9s de aquel d\u00eda de aquel ni\u00f1o, un acuerdo con Turqu\u00eda sobre inmigraci\u00f3n a cambio de miles de millones de euros.<\/p>\n\n\n\n<p>Han pasado m\u00e1s de seis a\u00f1os desde la firma de aquel acuerdo, muy criticable por lo que dice de la actitud de Europa ante el problema humanitario de los movimientos migratorios. No obstante, o estoy mal informado, o no se han producido matanzas de inocentes ocasionadas por los disparos de polic\u00edas turcos. Quien sabe si no se pueden quitar de sus cabezas al ni\u00f1o de la playa.<\/p>\n\n\n\n<p>En cambio, aqu\u00ed no hace ni cuatro meses que nos enteramos, a trav\u00e9s de Marruecos, de que el Gobierno hab\u00eda dado un giro radical en su posici\u00f3n respecto del S\u00e1hara Occidental. Precisamente a favor de Marruecos. Desde el primer momento qued\u00f3 claro que la cosa ten\u00eda que ver con la actitud criminal de ese reino en relaci\u00f3n con el tema de la emigraci\u00f3n.<\/p>\n\n\n\n<p>Hoy, vistos los 37 asesinatos y al presidente S\u00e1nchez elogiando a la polic\u00eda y al gobierno marroqu\u00ed en este trance, comprendemos que lo que se buscaba era un sicario dispuesto a lo que fuera necesario para impedir que la emigraci\u00f3n siga llegando a Espa\u00f1a.<\/p>\n\n\n\n<p>Siendo el reino Alauita el \u00fanico candidato posible para un \u201ctrabajo\u201d que, de repente, Espa\u00f1a consider\u00f3 prioritario, quien sabe si porque Espa\u00f1a, arruinada, no puede pagar con dinero, tal como la UE hizo con Turqu\u00eda, o por el motivo que sea, lo cierto es que el coste de cada bala parece ser el argumento principal en Marruecos a la hora de decidir el \u201cmodelo de gesti\u00f3n\u201d que han de aplicar para cumplir el contrato con Espa\u00f1a.<\/p>\n\n\n\n<p>Ayer por la tarde envi\u00e9 a varios amigos la convocatoria de un acto de protesta contra los asesinatos de Melilla y uno me dijo que tambi\u00e9n habr\u00eda que hacer algo ante las embajadas y consulados marroqu\u00edes.<\/p>\n\n\n\n<p>Me puse a pensar y me di cuenta de que, cuando las cosas ocurren de una manera determinada y no de otras, lo que hay que hacer es buscar la explicaci\u00f3n.<\/p>\n\n\n\n<p>Entonces llegu\u00e9 a la conclusi\u00f3n de que, sean de donde sean las fuerzas represivas que aprieten los gatillos, muchas de las personas a las que les siga doliendo cualquiera de las v\u00edctimas inocentes que se multiplicar\u00e1n tras la componenda con Marruecos sobre el S\u00e1hara perpetrada en el a\u00f1o 2022, seguir\u00e1n pensando que Espa\u00f1a seguir\u00e1 siendo, para siempre, la responsable \u00faltima y principal. &nbsp;&nbsp;<\/p>\n\n\n\n<p><span style=\"background-color:#0b0000\" class=\"td_text_highlight_marker\">Domingo Sanz<\/span><\/p>\n","protected":false},"excerpt":{"rendered":"<p>Es imposible no calificar de asesinato colectivo la muerte de las 37 personas que intentaban entrar ilegalmente en Espa\u00f1a, tal hubiera sido su delito, saltando la valla que separa Melilla de Marruecos, pa\u00eds al que pertenecen los polic\u00edas que han realizado los disparos criminales. Por si a\u00fan no se ha hecho la pregunta inevitable, la [&hellip;]<\/p>\n","protected":false},"author":2,"featured_media":5144,"comment_status":"open","ping_status":"open","sticky":false,"template":"","format":"standard","meta":{"footnotes":""},"categories":[139],"tags":[],"class_list":{"0":"post-5143","1":"post","2":"type-post","3":"status-publish","4":"format-standard","5":"has-post-thumbnail","7":"category-opinio"},"_links":{"self":[{"href":"https:\/\/www.areabesos.com\/diario\/wp-json\/wp\/v2\/posts\/5143","targetHints":{"allow":["GET"]}}],"collection":[{"href":"https:\/\/www.areabesos.com\/diario\/wp-json\/wp\/v2\/posts"}],"about":[{"href":"https:\/\/www.areabesos.com\/diario\/wp-json\/wp\/v2\/types\/post"}],"author":[{"embeddable":true,"href":"https:\/\/www.areabesos.com\/diario\/wp-json\/wp\/v2\/users\/2"}],"replies":[{"embeddable":true,"href":"https:\/\/www.areabesos.com\/diario\/wp-json\/wp\/v2\/comments?post=5143"}],"version-history":[{"count":1,"href":"https:\/\/www.areabesos.com\/diario\/wp-json\/wp\/v2\/posts\/5143\/revisions"}],"predecessor-version":[{"id":5145,"href":"https:\/\/www.areabesos.com\/diario\/wp-json\/wp\/v2\/posts\/5143\/revisions\/5145"}],"wp:featuredmedia":[{"embeddable":true,"href":"https:\/\/www.areabesos.com\/diario\/wp-json\/wp\/v2\/media\/5144"}],"wp:attachment":[{"href":"https:\/\/www.areabesos.com\/diario\/wp-json\/wp\/v2\/media?parent=5143"}],"wp:term":[{"taxonomy":"category","embeddable":true,"href":"https:\/\/www.areabesos.com\/diario\/wp-json\/wp\/v2\/categories?post=5143"},{"taxonomy":"post_tag","embeddable":true,"href":"https:\/\/www.areabesos.com\/diario\/wp-json\/wp\/v2\/tags?post=5143"}],"curies":[{"name":"wp","href":"https:\/\/api.w.org\/{rel}","templated":true}]}}