{"id":5141,"date":"2022-06-26T10:40:00","date_gmt":"2022-06-26T08:40:00","guid":{"rendered":"https:\/\/www.areabesos.com\/diario\/?p=5141"},"modified":"2022-06-27T10:41:40","modified_gmt":"2022-06-27T08:41:40","slug":"les-butxaques-no-enganyen","status":"publish","type":"post","link":"https:\/\/www.areabesos.com\/diario\/les-butxaques-no-enganyen\/","title":{"rendered":"Les butxaques no enganyen"},"content":{"rendered":"\n<p>Encara que la butxaca i la taula no m&#8217;enganyen, i\u00a0els mitjans de comunicaci\u00f3 del planeta em recorden di\u00e0riament que vivim enmig d&#8217;una aclaparadora crisi econ\u00f2mica, hi\u00a0ha not\u00edcies que per moments fan sentir aquesta turbul\u00e8ncia com un invent d&#8217;uns altres, molt\u00a0pocs per cert per a \u00abrecomodar\u00bb els seus milions. En el lluny\u00e0 pa\u00eds dels contes, els\u00a0reis eren portadors de tranquil\u00b7litat i benestar per al poble. La seva missi\u00f3 era aconseguir la seva felicitat i mai despertar-li del somni ef\u00edmer,\u00a0encara que escassegessin per falta d&#8217;aliment i les collites minvaven el gra i les arques del regne estiguessin\u00a0buides. L&#8217;important era mantenir la calma i fer creure que tot anava b\u00e9\u00a0,a pesar que el poble veia com es morien els animals. Estem en el segle vint-i-un i no hi ha conte que valgui. Hem vist com Espanya a trav\u00e9s dels temps hem estat la naci\u00f3\u00a0m\u00e9s\u00a0rica del m\u00f3n, per\u00f2\u00a0hem perdut tot. Entre 1942 i 1898,\u00a0M\u00e9xic, Guatemala,Nicaragua, Hondures\u00a0, Salvador, Costa Rica i altres pa\u00efsos, com\u00a0Cuba i Filipines i altres d&#8217;\u00c0frica. Segons\u00a0la hist\u00f2ria, totes\u00a0aquestes possessions i riqueses,\u00a0els reis les van gestionar malament i les van\u00a0dilapidar. Ara\u00a0no queda res per a dilapidar,\u00a0segurament,\u00a0en la situaci\u00f3 actual tamb\u00e9 intentaran tranquil\u00b7litzar-nos i que la poblaci\u00f3 continu\u00ef dormint esperant el benestar i perqu\u00e8 no,\u00a0fer-nos creure que tot ira\u00a0b\u00e9. La\u00a0hist\u00f2ria es repeteix i\u00a0est\u00e0\u00a0a les nostres mans canviar les coses,\u00a0ells\u00a0(els\u00a0pol\u00edtics) no\u00a0ho canviessin,\u00a0perqu\u00e8 no saben i perqu\u00e8 estan molt preocupats pels seus interessos personals de partit,\u00a0m\u00e9s\u00a0o menys com passava fa\u00a0segles.<\/p>\n\n\n\n<p><span style=\"background-color:#0e0101\" class=\"td_text_highlight_marker\">Josep Meg\u00edas<\/span><\/p>\n","protected":false},"excerpt":{"rendered":"<p>Encara que la butxaca i la taula no m&#8217;enganyen, i\u00a0els mitjans de comunicaci\u00f3 del planeta em recorden di\u00e0riament que vivim enmig d&#8217;una aclaparadora crisi econ\u00f2mica, hi\u00a0ha not\u00edcies que per moments fan sentir aquesta turbul\u00e8ncia com un invent d&#8217;uns altres, molt\u00a0pocs per cert per a \u00abrecomodar\u00bb els seus milions. En el lluny\u00e0 pa\u00eds dels contes, els\u00a0reis [&hellip;]<\/p>\n","protected":false},"author":2,"featured_media":4540,"comment_status":"open","ping_status":"open","sticky":false,"template":"","format":"standard","meta":{"footnotes":""},"categories":[139],"tags":[],"class_list":{"0":"post-5141","1":"post","2":"type-post","3":"status-publish","4":"format-standard","5":"has-post-thumbnail","7":"category-opinio"},"_links":{"self":[{"href":"https:\/\/www.areabesos.com\/diario\/wp-json\/wp\/v2\/posts\/5141","targetHints":{"allow":["GET"]}}],"collection":[{"href":"https:\/\/www.areabesos.com\/diario\/wp-json\/wp\/v2\/posts"}],"about":[{"href":"https:\/\/www.areabesos.com\/diario\/wp-json\/wp\/v2\/types\/post"}],"author":[{"embeddable":true,"href":"https:\/\/www.areabesos.com\/diario\/wp-json\/wp\/v2\/users\/2"}],"replies":[{"embeddable":true,"href":"https:\/\/www.areabesos.com\/diario\/wp-json\/wp\/v2\/comments?post=5141"}],"version-history":[{"count":1,"href":"https:\/\/www.areabesos.com\/diario\/wp-json\/wp\/v2\/posts\/5141\/revisions"}],"predecessor-version":[{"id":5142,"href":"https:\/\/www.areabesos.com\/diario\/wp-json\/wp\/v2\/posts\/5141\/revisions\/5142"}],"wp:featuredmedia":[{"embeddable":true,"href":"https:\/\/www.areabesos.com\/diario\/wp-json\/wp\/v2\/media\/4540"}],"wp:attachment":[{"href":"https:\/\/www.areabesos.com\/diario\/wp-json\/wp\/v2\/media?parent=5141"}],"wp:term":[{"taxonomy":"category","embeddable":true,"href":"https:\/\/www.areabesos.com\/diario\/wp-json\/wp\/v2\/categories?post=5141"},{"taxonomy":"post_tag","embeddable":true,"href":"https:\/\/www.areabesos.com\/diario\/wp-json\/wp\/v2\/tags?post=5141"}],"curies":[{"name":"wp","href":"https:\/\/api.w.org\/{rel}","templated":true}]}}