{"id":5136,"date":"2022-06-23T12:28:42","date_gmt":"2022-06-23T10:28:42","guid":{"rendered":"https:\/\/www.areabesos.com\/diario\/?p=5136"},"modified":"2022-06-23T12:28:43","modified_gmt":"2022-06-23T10:28:43","slug":"el-consorci-del-barri-de-la-mina-posa-en-marxa-loficina-per-al-reallotjament-del-bloc-venus","status":"publish","type":"post","link":"https:\/\/www.areabesos.com\/diario\/el-consorci-del-barri-de-la-mina-posa-en-marxa-loficina-per-al-reallotjament-del-bloc-venus\/","title":{"rendered":"El Consorci del barri de La Mina posa en marxa l\u2019Oficina per al reallotjament del Bloc Venus"},"content":{"rendered":"\n<p>La consellera de Drets Socials i presidenta del&nbsp;Consorci del barri de La Mina, Violant Cervera,&nbsp;i l\u2019alcaldessa de Sant Adri\u00e0 de Bes\u00f2s, Filo Ca\u00f1ete,&nbsp;han&nbsp;assistit a la posada en marxa del servei de l\u2019Oficina T\u00e8cnica del Projecte d\u2019Expropiaci\u00f3 de taxaci\u00f3 conjunta de l\u2019Edifici Venus, al barri de la Mina. Un projecte que neix amb l\u2019objectiu de donar suport i servei t\u00e8cnic a les fam\u00edlies afectades per l\u2019enderroc del bloc i que han de ser reallotjades.<\/p>\n\n\n\n<p>Segons ha explicat la consellera Violant Cervera&nbsp;<strong>\u201camb aquesta posada en marxa volem oferir la millor orientaci\u00f3 i acompanyament possible a les persones que seran reallotjades en altres habitatges\u201d&nbsp;<\/strong>i ha recordat que&nbsp;<strong>\u201caquest era un pas necessari i urgent per millorar la vida dels ve\u00efns i ve\u00efnes del barri de La Mina i, especialment, del Bloc Venus\u201d.<\/strong><\/p>\n\n\n\n<p>L\u2019enderrocament del Bloc Venus afectar\u00e0 al voltant de 244 fam\u00edlies que hi viuen en l\u2019actualitat, i suposar\u00e0 un total de m\u00e9s de 1.000 ve\u00efns i ve\u00efnes a qui segons explica la titular de Drets Socials,&nbsp;<strong>\u201cse\u2019ls oferir\u00e0 acompanyament personalitzat i una soluci\u00f3 habitacional individualitzada\u201d<\/strong>.<\/p>\n\n\n\n<div><a href=\"https:\/\/www.areabesos.com\/diario\/wp-content\/uploads\/2022\/06\/oficina_mina02-1024x768.jpeg\" class=\"td-modal-image\"><figure class=\"wp-block-image size-large\"><img loading=\"lazy\" decoding=\"async\" width=\"1024\" height=\"768\" src=\"https:\/\/www.areabesos.com\/diario\/wp-content\/uploads\/2022\/06\/oficina_mina02-1024x768.jpeg\" alt=\"\" class=\"wp-image-5137\" srcset=\"https:\/\/www.areabesos.com\/diario\/wp-content\/uploads\/2022\/06\/oficina_mina02-1024x768.jpeg 1024w, https:\/\/www.areabesos.com\/diario\/wp-content\/uploads\/2022\/06\/oficina_mina02-300x225.jpeg 300w, https:\/\/www.areabesos.com\/diario\/wp-content\/uploads\/2022\/06\/oficina_mina02-768x576.jpeg 768w, https:\/\/www.areabesos.com\/diario\/wp-content\/uploads\/2022\/06\/oficina_mina02-150x113.jpeg 150w, https:\/\/www.areabesos.com\/diario\/wp-content\/uploads\/2022\/06\/oficina_mina02-696x522.jpeg 696w, https:\/\/www.areabesos.com\/diario\/wp-content\/uploads\/2022\/06\/oficina_mina02-1068x801.jpeg 1068w, https:\/\/www.areabesos.com\/diario\/wp-content\/uploads\/2022\/06\/oficina_mina02.jpeg 1280w\" sizes=\"auto, (max-width: 1024px) 100vw, 1024px\" \/><figcaption>Violant Cervera i Paqui Jim\u00e9nez, durant la visita al barri de La Mina.<\/figcaption><\/figure><\/a><\/div>\n\n\n\n<p>L\u2019alcaldessa Filo Ca\u00f1ete ha destacat que l\u2019entrada en funcionament de l\u2019oficina&nbsp;<strong>\u00ab\u00e9s una fita molt important en el pla de transformaci\u00f3 del barri de La Mina. Una fita que ha implicat molt esfor\u00e7 per\u00f2 que s\u2019ha aconseguit gr\u00e0cies al di\u00e0leg i l\u2019acord de totes les parts implicades, un proc\u00e9s en el qual el Consorci de La Mina ha tingut un paper rellevant\u00bb<\/strong><\/p>\n\n\n\n<p>L\u2019oficina, situada de manera temporal a la Biblioteca \u2013 Centre Cultural de la Mina de l\u2019Ajuntament de Sant Adri\u00e0 del Bes\u00f2s, compta amb un equip multidisciplinari d\u201911 professionals: 9 persones dedicades a la gesti\u00f3 del dia a dia de l\u2019oficina i a garantir el suport t\u00e8cnic, social i administratiu, i dues persones dedicades a la redacci\u00f3 del projecte d\u2019expropiaci\u00f3.<\/p>\n\n\n\n<p>Est\u00e0 previst que en els pr\u00f2xims mesos aquest servei s\u2019emplaci en la seva ubicaci\u00f3 definitiva, a la Rambla de Mina, n\u00famero 11&nbsp;de Sant Adri\u00e0 de Bes\u00f2s.<\/p>\n\n\n\n<p>L\u2019alcaldessa ha explicat que la tasca ser\u00e0 complexa perqu\u00e8 intentar\u00e0 resoldre el rerefons social que implica l\u2019enderroc del Bloc Venus. En aquest sentit ha afirmat que&nbsp;<strong>\u00abel proc\u00e9s exigeix un abordatge i un equip multidisciplinari com el que t\u00e9 l\u2019oficina per donar resposta a les singularitats i particularitats de cada cas\u00bb.&nbsp;<\/strong>Filo Ca\u00f1ete s\u2019ha mostrat satisfetaperqu\u00e8&nbsp;<strong>\u00abl\u2019oficina compta amb un equip hum\u00e0 que est\u00e0 preparat per afrontar aquest repte i esperem que sigui un \u00e8xit\u00bb.<\/strong><\/p>\n\n\n\n<p>Finalment, l\u2019alcaldessa ha posat en valor el paper dels ve\u00efns i ve\u00efnes,<strong>\u00a0\u00abtot aquest cam\u00ed s\u2019ha fet i es continuar\u00e0 fent de la ma de tot el ve\u00efnat, el proc\u00e9s de l\u2019edifici Venus \u00e9s vital per a les persones directament afectades per\u00f2 tamb\u00e9 per a tot el barri de La Mina i per aix\u00f2 \u00e9s fonamental el contacte, l\u2019intercanvi i la informaci\u00f3 permanent\u00bb.\u00a0<\/strong>En aquesta l\u00ednia de mantenir una relaci\u00f3 estreta amb el ve\u00efnat,<strong>Ca\u00f1ete\u00a0<\/strong>ha posat en valor recursos que faciliten\u00a0el\u00a0contacte com s\u00f3n el programa integrador de Venus o el programa d\u2019escales<strong>\u00a0\u00abque permeten detectar les necessitats i problem\u00e0tiques de les persones\u00bb<\/strong>,\u00a0i ha recordat que la setmana vinent hi haur\u00e0 una reuni\u00f3 informativa adre\u00e7ada als ve\u00efns i ve\u00efnes a la Biblioteca Font de La Mina.<\/p>\n\n\n\n<div><a href=\"https:\/\/www.areabesos.com\/diario\/wp-content\/uploads\/2022\/06\/oficina_mina03-1024x768.jpeg\" class=\"td-modal-image\"><figure class=\"wp-block-image size-large\"><img loading=\"lazy\" decoding=\"async\" width=\"1024\" height=\"768\" src=\"https:\/\/www.areabesos.com\/diario\/wp-content\/uploads\/2022\/06\/oficina_mina03-1024x768.jpeg\" alt=\"\" class=\"wp-image-5138\" srcset=\"https:\/\/www.areabesos.com\/diario\/wp-content\/uploads\/2022\/06\/oficina_mina03-1024x768.jpeg 1024w, https:\/\/www.areabesos.com\/diario\/wp-content\/uploads\/2022\/06\/oficina_mina03-300x225.jpeg 300w, https:\/\/www.areabesos.com\/diario\/wp-content\/uploads\/2022\/06\/oficina_mina03-768x576.jpeg 768w, https:\/\/www.areabesos.com\/diario\/wp-content\/uploads\/2022\/06\/oficina_mina03-150x113.jpeg 150w, https:\/\/www.areabesos.com\/diario\/wp-content\/uploads\/2022\/06\/oficina_mina03-696x522.jpeg 696w, https:\/\/www.areabesos.com\/diario\/wp-content\/uploads\/2022\/06\/oficina_mina03-1068x801.jpeg 1068w, https:\/\/www.areabesos.com\/diario\/wp-content\/uploads\/2022\/06\/oficina_mina03.jpeg 1200w\" sizes=\"auto, (max-width: 1024px) 100vw, 1024px\" \/><figcaption>La consellera Cervera i l&#8217;alcaldessa adrianenca Filo Ca\u00f1ete, durant la seva visita al Centro Cultural Gitano de La Mina.<\/figcaption><\/figure><\/a><\/div>\n\n\n\n<h3 class=\"wp-block-heading\">Un servei esperat<\/h3>\n\n\n\n<p>La contractaci\u00f3 del servei de l&#8217;Oficina T\u00e8cnica de Venus es va aprovar el 10 de febrer de 2021, per la comissi\u00f3 executiva del Consorci del barri de la Mina.&nbsp;Finalment, el passat 12 de maig del 2022, es va formalitzar el contracte amb l\u2019entitat guanyadora de l\u2019adjudicaci\u00f3 per Resoluci\u00f3 de l\u2019\u00d2rgan de Contractaci\u00f3 del Consorci, a l\u2019Associaci\u00f3 per la Investigaci\u00f3 i l\u2019Acci\u00f3 Social-Vincle, que gestionar\u00e0 l\u2019oficina.<\/p>\n\n\n\n<p>El pla d\u2019enderrocament i reallotjament est\u00e0 dotat amb un total de 30,8 milions d\u2019euros que es distribueixen entre les diferents administracions (Generalitat de Catalunya, Ajuntament de Sant Adri\u00e0 de Bes\u00f2s i Diputaci\u00f3 de Barcelona).<\/p>\n\n\n\n<h3 class=\"wp-block-heading\"><strong>Un servei amb vessant social<\/strong><\/h3>\n\n\n\n<p>A m\u00e9s de ser un punt d\u2019informaci\u00f3 i d\u2019atenci\u00f3, l\u2019Oficina per al reallotjament de Venus oferir\u00e0 assessorament i suport t\u00e8cnic, interlocuci\u00f3 amb els agents socials i institucions, i acompanyament sociofamiliar i mediaci\u00f3 comunit\u00e0ria:<\/p>\n\n\n\n<p><strong>Informaci\u00f3 i atenci\u00f3:<\/strong><\/p>\n\n\n\n<ul class=\"wp-block-list\"><li>Atenci\u00f3 personal i telef\u00f2nica en horari d\u2019atenci\u00f3 i informaci\u00f3 al p\u00fablic.<\/li><li>Entrevistes individuals.<\/li><li>Recollida de dades i documentaci\u00f3.<\/li><li>Detecci\u00f3 de les problem\u00e0tiques que puguin incidir en la gesti\u00f3.<\/li><\/ul>\n\n\n\n<p><strong>Assessorament, suport t\u00e8cnic i acompanyament sociofamiliar:<\/strong><\/p>\n\n\n\n<ul class=\"wp-block-list\"><li>Entrevistes, reunions i coordinaci\u00f3 amb els agents socials (serveis socials, d\u2019habitatge, ensenyament, salut, etc.) que actuen en el territori.<\/li><li>Entrevistes o reunions amb les persones que viuen al Bloc Venus, que hi tenen una activitat o aquelles persones que resulten afectades per l\u2019actuaci\u00f3 i elaboraci\u00f3 d\u2019un cens de la poblaci\u00f3 afectada.<\/li><li>Visites o inspeccions als habitatges del Bloc Venus i de reallotjament.<\/li><li>Coordinaci\u00f3 amb els serveis socials.<\/li><li>Informes socials oficials, en especial els relatius a acreditar les situacions de vulnerabilitat social o exclusi\u00f3 residencial.<\/li><\/ul>\n\n\n\n<p><strong>Interlocuci\u00f3 amb els agents socials i institucionals:<\/strong><\/p>\n\n\n\n<ul class=\"wp-block-list\"><li>Prospecci\u00f3 continuada del Bloc Venus objecte de la prestaci\u00f3 del servei.<\/li><li>Detecci\u00f3 dels agents (formals i informals) que poden tenir incid\u00e8ncia i poden resultar afectats per la gesti\u00f3.<\/li><li>Detecci\u00f3 de les problem\u00e0tiques que puguin incidir en la gesti\u00f3.<\/li><li>Planificaci\u00f3 de la interlocuci\u00f3 i coordinaci\u00f3 amb aquests agents.<\/li><\/ul>\n\n\n\n<p><strong>Mediaci\u00f3 comunit\u00e0ria:<\/strong><\/p>\n\n\n\n<ul class=\"wp-block-list\"><li>Entrevistes individuals d\u2019an\u00e0lisi i orientaci\u00f3.<\/li><li>Elaboraci\u00f3 de programes d\u2019actuaci\u00f3 per a la millora de la conviv\u00e8ncia, en general, i en particular quan es donin contextos d\u2019interculturalitat, en comunitats d\u2019escala de ve\u00efns principalment, ja sigui en comunitats existents com de nova formaci\u00f3.<\/li><li>Sessions de di\u00e0leg per la resoluci\u00f3 de conflictes.<\/li><li>Accions informatives i d\u2019assessorament a les comunitats de propietaris per a la seva millor organitzaci\u00f3 i conviv\u00e8ncia.<\/li><li>Elaboraci\u00f3 de protocols per a la millora de l\u2019\u00fas del nou habitatge i de la gesti\u00f3 per un consum disminuci\u00f3 de risc de pobresa energ\u00e8tica.<\/li><\/ul>\n\n\n\n<p>Durant la visita al nou servei, la consellera Cervera&nbsp;i&nbsp;l\u2019alcaldessa de Sant Adri\u00e0 del Bes\u00f2s, Filo Ca\u00f1ete,&nbsp;han estat acompanyades&nbsp;de la secret\u00e0ria general del departament de Drets Socials, Dolors Rusin\u00e8s; de la secret\u00e0ria d\u2019Afers Socials i Fam\u00edlia, Anna Figueras; de la directora general d\u2019Acci\u00f3 C\u00edvica i Comunit\u00e0ria, Cesca Dom\u00e8nech; de la directora dels serveis territorials del departament de Drets Socials a Barcelona, Llu\u00efsa Nicolau; del gerent del Consorci de La Mina, Juan Luis Rosique; de la directora general de Vincle, Marta Eug\u00e8nia Gonz\u00e1lez; i de la representant dels ve\u00efns i ve\u00efnes del Bloc Venus, Francisca Jimenez.<\/p>\n","protected":false},"excerpt":{"rendered":"<p>La consellera de Drets Socials i presidenta del&nbsp;Consorci del barri de La Mina, Violant Cervera,&nbsp;i l\u2019alcaldessa de Sant Adri\u00e0 de Bes\u00f2s, Filo Ca\u00f1ete,&nbsp;han&nbsp;assistit a la posada en marxa del servei de l\u2019Oficina T\u00e8cnica del Projecte d\u2019Expropiaci\u00f3 de taxaci\u00f3 conjunta de l\u2019Edifici Venus, al barri de la Mina. Un projecte que neix amb l\u2019objectiu de donar [&hellip;]<\/p>\n","protected":false},"author":1,"featured_media":5139,"comment_status":"open","ping_status":"open","sticky":false,"template":"","format":"standard","meta":{"footnotes":""},"categories":[134,135],"tags":[],"class_list":{"0":"post-5136","1":"post","2":"type-post","3":"status-publish","4":"format-standard","5":"has-post-thumbnail","7":"category-actualitat","8":"category-societat"},"_links":{"self":[{"href":"https:\/\/www.areabesos.com\/diario\/wp-json\/wp\/v2\/posts\/5136","targetHints":{"allow":["GET"]}}],"collection":[{"href":"https:\/\/www.areabesos.com\/diario\/wp-json\/wp\/v2\/posts"}],"about":[{"href":"https:\/\/www.areabesos.com\/diario\/wp-json\/wp\/v2\/types\/post"}],"author":[{"embeddable":true,"href":"https:\/\/www.areabesos.com\/diario\/wp-json\/wp\/v2\/users\/1"}],"replies":[{"embeddable":true,"href":"https:\/\/www.areabesos.com\/diario\/wp-json\/wp\/v2\/comments?post=5136"}],"version-history":[{"count":1,"href":"https:\/\/www.areabesos.com\/diario\/wp-json\/wp\/v2\/posts\/5136\/revisions"}],"predecessor-version":[{"id":5140,"href":"https:\/\/www.areabesos.com\/diario\/wp-json\/wp\/v2\/posts\/5136\/revisions\/5140"}],"wp:featuredmedia":[{"embeddable":true,"href":"https:\/\/www.areabesos.com\/diario\/wp-json\/wp\/v2\/media\/5139"}],"wp:attachment":[{"href":"https:\/\/www.areabesos.com\/diario\/wp-json\/wp\/v2\/media?parent=5136"}],"wp:term":[{"taxonomy":"category","embeddable":true,"href":"https:\/\/www.areabesos.com\/diario\/wp-json\/wp\/v2\/categories?post=5136"},{"taxonomy":"post_tag","embeddable":true,"href":"https:\/\/www.areabesos.com\/diario\/wp-json\/wp\/v2\/tags?post=5136"}],"curies":[{"name":"wp","href":"https:\/\/api.w.org\/{rel}","templated":true}]}}