{"id":5134,"date":"2022-06-18T12:14:00","date_gmt":"2022-06-18T10:14:00","guid":{"rendered":"https:\/\/www.areabesos.com\/diario\/?p=5134"},"modified":"2022-06-20T12:14:59","modified_gmt":"2022-06-20T10:14:59","slug":"up-debe-elegir-el-nombre-de-las-proximas-elecciones-generales","status":"publish","type":"post","link":"https:\/\/www.areabesos.com\/diario\/up-debe-elegir-el-nombre-de-las-proximas-elecciones-generales\/","title":{"rendered":"UP debe elegir  el nombre de las pr\u00f3ximas elecciones generales"},"content":{"rendered":"\n<p>Hoy es 18 de junio de 2022 y, si todas las previsiones aciertan, no hablo de deseos, Andaluc\u00eda volver\u00e1 a demostrar ma\u00f1ana que, en tiempos de normalidad incluso muy relativa, es m\u00e1s f\u00e1cil ganar en las urnas desde el Gobierno que desde la oposici\u00f3n.<\/p>\n\n\n\n<p>Un ejemplo. Siempre pens\u00e9 que S\u00e1nchez recurri\u00f3 a la moci\u00f3n de censura para gobernar las elecciones desde La Moncloa porque no pod\u00eda olvidar ni sus derrotas del 20D\/15 y del 26J\/16, ni la mucha gasolina que pag\u00f3 despu\u00e9s para reconquistar el liderazgo, que hasta hubo agrupaciones socialistas que vendieron participaciones de la loter\u00eda de Navidad de 2016 para financiar su campa\u00f1a contra las de D\u00edaz y L\u00f3pez, como olvidar cad\u00e1veres tan amigos. Hoy, con lo que cuesta llenar el dep\u00f3sito, S\u00e1nchez se lo habr\u00eda pensado dos veces, pero hasta en eso tuvo suerte el presidente. Y un a\u00f1o despu\u00e9s, cuando vio a Rajoy sentado ante un tribunal, seguro que pens\u00f3: \u201cEsta es mi oportunidad. Para ganar elecciones desde la oposici\u00f3n ya me bastaron las Primarias del PSOE\u201d.<\/p>\n\n\n\n<p>No por lo anterior le negaremos el m\u00e9rito de aprovechar una ocasi\u00f3n que pintaban calva, pues muchos no saben hacer ni eso. O quiz\u00e1s el futuro nos cuente que Rajoy le hab\u00eda pedido a escondidas el relevo, pues el del PP estaba harto de todo y de todos, incluyendo el l\u00edo de Catalunya, el peligro Villarejo, lo de Andorra (\u201cjoder\u201d) y un Felipe VI con el que se sent\u00eda deudor desde la investidura que no quiso intentar tras las primeras urnas que rompieron el bipartidismo. Pero todo aquello, ahora, tampoco importa demasiado.<\/p>\n\n\n\n<p>En cualquier caso, es probable que S\u00e1nchez recordara tambi\u00e9n que las dos \u00fanicas victorias del PSOE desde la oposici\u00f3n se produjeron en momentos de crisis que hab\u00edan destrozado a los gubernamentales. No es necesario pensar en las circunstancias que rodearon las elecciones de 1982 y 2004 para concluir que, ni la UCD sin Su\u00e1rez, ni el PP de un Rajoy lastrado por la gran mentira sobre el atentado del 11M, hubieran podido ganar a Gonz\u00e1lez y Zapatero, respectivamente.<\/p>\n\n\n\n<p>Por tanto, las crisis son propicias para ganar en las urnas desde la oposici\u00f3n, pero, metidos en el marasmo, no deber\u00eda descartarse lo de organizar una crisis desde el gobierno (como hizo Su\u00e1rez) para ponerle nombre propio a un futuro inevitable que se llama elecciones generales y viene cargado de demoscopias preocupantes, por mucho que Pedro y Yolanda aprueben ayudas que las otras crisis, las que se manejan desde despachos mundiales, reducen a la nada. V\u00e9ase un precio de la gasolina que en menos de tres meses ha absorbido la ayuda del Gobierno, conseguido que las petroleras ganen m\u00e1s que nunca y que los multimillonarios la sigan pagando al mismo precio que pagan quienes deben vender su coche porque no tienen dinero para moverlo. Nunca vi tantos anuncios de \u201cvenda usted su coche\u201d. \u00bfY usted?<\/p>\n\n\n\n<p>Regresando a Andaluc\u00eda, pero por otro camino para buscar pistas sobre el t\u00edtulo, resulta que esta misma semana dos catedr\u00e1ticos de Derecho de ese sur, P\u00e9rez Royo y Soriano, han publicado sendos art\u00edculos sobre lo mismo, aunque desde enfoques diferentes pero compatibles que, le\u00eddos desde la pol\u00edtica, convocan a una crisis necesaria para la consolidaci\u00f3n de la democracia.<\/p>\n\n\n\n<p>En \u201cOtra cacicada m\u00e1s de la mesa del Congreso\u201d P\u00e9rez Royo afirma que \u201cno hay ninguna materia sobre la que no se pueda presentar una proposici\u00f3n de ley\u201d y, por tanto, aconseja al PNV que acuda al Tribunal Constitucional para conseguir que se pueda debatir su propuesta sobre la inviolabilidad del rey establecida en el 56.3 de la Constituci\u00f3n.<\/p>\n\n\n\n<p>Por su parte, Soriano ha titulado \u201cLa Constituci\u00f3n permite procesar al rey: cinco argumentos jur\u00eddicos\u201d.<\/p>\n\n\n\n<p>Leo ambos y saco la conclusi\u00f3n de que, diga lo que diga la ley de leyes y defiendan lo que defiendan los expertos, este rey no ser\u00e1 procesado en Espa\u00f1a, pues la hora actual de rendir cuentas un jefe del Estado espa\u00f1ol ante su justicia es la misma que reg\u00eda durante la dictadura.<\/p>\n\n\n\n<p>Tampoco este \u201chuso horario\u201d se ha normalizado, pues no hay relojes que sepan marcarlo. Cero imputaciones hasta 1975 y cero imputaciones desde ese a\u00f1o hasta 2022 solo pod\u00edan desembocar en dos n\u00fameros id\u00e9nticos de sentencias: ninguna y ninguna. Da igual si los delitos fueron provocar miles de muertos o meter la mano en la caja. Esos, y muchos m\u00e1s, sirven para acusar a cualquiera, pero no a quien se llam\u00f3 Francisco Franco o a quienes se siguen llamando Juan Carlos I y Felipe VI.<\/p>\n\n\n\n<p>En resumen, el PP y el PSOE han vuelto a unir sus votos en el Congreso y esta vez lo han hecho para quitar la palabra a los representantes elegidos en las urnas sobre una propuesta que busca construir un futuro menos indecente en cosas como la igualdad de todos ante la ley. Ni siquiera ped\u00edan una Comisi\u00f3n de Investigaci\u00f3n.<\/p>\n\n\n\n<p>Hasta aqu\u00ed, la primera entrega de dos. La siguiente, que escribir\u00e9 una vez conocidas las tendencias actuales del electorado andaluz, se titular\u00e1, m\u00e1s o menos, \u201cEl nombre que UP debe elegir para las pr\u00f3ximas elecciones generales\u201d, aunque no solo afecte al sur.<\/p>\n\n\n\n<p><span style=\"background-color:#0a0000\" class=\"td_text_highlight_marker\">Domingo Sanz<\/span><\/p>\n","protected":false},"excerpt":{"rendered":"<p>Hoy es 18 de junio de 2022 y, si todas las previsiones aciertan, no hablo de deseos, Andaluc\u00eda volver\u00e1 a demostrar ma\u00f1ana que, en tiempos de normalidad incluso muy relativa, es m\u00e1s f\u00e1cil ganar en las urnas desde el Gobierno que desde la oposici\u00f3n. Un ejemplo. Siempre pens\u00e9 que S\u00e1nchez recurri\u00f3 a la moci\u00f3n de [&hellip;]<\/p>\n","protected":false},"author":2,"featured_media":5070,"comment_status":"open","ping_status":"open","sticky":false,"template":"","format":"standard","meta":{"footnotes":""},"categories":[139],"tags":[],"class_list":{"0":"post-5134","1":"post","2":"type-post","3":"status-publish","4":"format-standard","5":"has-post-thumbnail","7":"category-opinio"},"_links":{"self":[{"href":"https:\/\/www.areabesos.com\/diario\/wp-json\/wp\/v2\/posts\/5134","targetHints":{"allow":["GET"]}}],"collection":[{"href":"https:\/\/www.areabesos.com\/diario\/wp-json\/wp\/v2\/posts"}],"about":[{"href":"https:\/\/www.areabesos.com\/diario\/wp-json\/wp\/v2\/types\/post"}],"author":[{"embeddable":true,"href":"https:\/\/www.areabesos.com\/diario\/wp-json\/wp\/v2\/users\/2"}],"replies":[{"embeddable":true,"href":"https:\/\/www.areabesos.com\/diario\/wp-json\/wp\/v2\/comments?post=5134"}],"version-history":[{"count":1,"href":"https:\/\/www.areabesos.com\/diario\/wp-json\/wp\/v2\/posts\/5134\/revisions"}],"predecessor-version":[{"id":5135,"href":"https:\/\/www.areabesos.com\/diario\/wp-json\/wp\/v2\/posts\/5134\/revisions\/5135"}],"wp:featuredmedia":[{"embeddable":true,"href":"https:\/\/www.areabesos.com\/diario\/wp-json\/wp\/v2\/media\/5070"}],"wp:attachment":[{"href":"https:\/\/www.areabesos.com\/diario\/wp-json\/wp\/v2\/media?parent=5134"}],"wp:term":[{"taxonomy":"category","embeddable":true,"href":"https:\/\/www.areabesos.com\/diario\/wp-json\/wp\/v2\/categories?post=5134"},{"taxonomy":"post_tag","embeddable":true,"href":"https:\/\/www.areabesos.com\/diario\/wp-json\/wp\/v2\/tags?post=5134"}],"curies":[{"name":"wp","href":"https:\/\/api.w.org\/{rel}","templated":true}]}}