{"id":5131,"date":"2022-06-20T12:13:21","date_gmt":"2022-06-20T10:13:21","guid":{"rendered":"https:\/\/www.areabesos.com\/diario\/?p=5131"},"modified":"2022-06-20T12:13:22","modified_gmt":"2022-06-20T10:13:22","slug":"la-justicia-i-els-jutges","status":"publish","type":"post","link":"https:\/\/www.areabesos.com\/diario\/la-justicia-i-els-jutges\/","title":{"rendered":"La just\u00edcia i els jutges"},"content":{"rendered":"\n<p>Molts sempre hem pensat que els jutges i la just\u00edcia van units,\u00a0per\u00f2 sembla que aquesta opini\u00f3 cada vegada estem veient que no t\u00e9 cap\u00a0relaci\u00f3. Pensem\u00a0que la just\u00edcia\u00a0est\u00e0\u00a0feta perqu\u00e8 la segueixin els llestos i les obeeixin els ximples.\u00a0D&#8217;algun temps en\u00e7\u00e0 les opinions generals indiquen que la just\u00edcia \u00e9s la pitjor\u00a0valorada. Els\u00a0jutges estan anomenats per a exercir una tasca molt\u00a0dif\u00edcil,\u00a0per\u00f2 necess\u00e0ria en la societat,\u00a0defensar la just\u00edcia, castigar\u00a0els delictes,\u00a0reparar els danys ajudar a les persones En alguna ocasi\u00f3 hem\u00a0sentit\u00a0la frase,\u00a0per exemple,\u00a0ens ha tocat un jutge molt conservador, molts\u00a0s&#8217;espanten, ja que\u00a0en funci\u00f3 del jutge i no de la just\u00edcia podrem sortir al carrer o anar a la pres\u00f3.\u00a0Aix\u00f2 en l&#8217;actualitat tenim un exemple,\u00a0em refereixo en els okupes,\u00a0sembla que\u00a0si alg\u00fa entra en el teu domicili i ho ocupa,\u00a0tu tens un problema i els ocupes\u00a0no. Sembla\u00a0mentida que en l&#8217;\u00e8poca que vivim,\u00a0la llei no empari a la propietat privada i no tingui tants serrells que \u00e9s dif\u00edcil d&#8217;aplicar-la. Simplement\u00a0hauria de dir,\u00a0ning\u00fa pot ocupar una propietat privada sense perm\u00eds del jutge,\u00a0aqu\u00ed acabarien tots els problemes,\u00a0en 10 minuts els mossos o la policia,\u00a0ho repararien i no hauria d&#8217;intervenir ning\u00fa m\u00e9s,\u00a0de la mateixa forma que\u00a0s&#8217;est\u00e0\u00a0realitzant en els altres pa\u00efsos d&#8217;Europa. Avui\u00a0he llegit que el\u00a0sr.Abiol\u00a0i un grup de ve\u00efns han desallotjat a uns okupes, tot\u00a0aix\u00f2 no seria necessari si les lleis estiguessin ben\u00a0fetes.<br>P.D. Semblar ser que\u00a0PdCAT\u00a0est\u00e0\u00a0negociant amb el PSOE,\u00a0que permeti desallotjar als okupes en 48\u00a0hores, igual\u00a0dins de\u00a05\u00a0anys arriben a un acord,\u00a0com tot el que es pret\u00e9n reparar i sin\u00f3 per a les pr\u00f2ximes eleccions<\/p>\n\n\n\n<p><span style=\"background-color:#0c0000\" class=\"td_text_highlight_marker\">Josep Meg\u00edas<\/span><\/p>\n","protected":false},"excerpt":{"rendered":"<p>Molts sempre hem pensat que els jutges i la just\u00edcia van units,\u00a0per\u00f2 sembla que aquesta opini\u00f3 cada vegada estem veient que no t\u00e9 cap\u00a0relaci\u00f3. Pensem\u00a0que la just\u00edcia\u00a0est\u00e0\u00a0feta perqu\u00e8 la segueixin els llestos i les obeeixin els ximples.\u00a0D&#8217;algun temps en\u00e7\u00e0 les opinions generals indiquen que la just\u00edcia \u00e9s la pitjor\u00a0valorada. Els\u00a0jutges estan anomenats per a exercir [&hellip;]<\/p>\n","protected":false},"author":2,"featured_media":5132,"comment_status":"open","ping_status":"open","sticky":false,"template":"","format":"standard","meta":{"footnotes":""},"categories":[139],"tags":[],"class_list":{"0":"post-5131","1":"post","2":"type-post","3":"status-publish","4":"format-standard","5":"has-post-thumbnail","7":"category-opinio"},"_links":{"self":[{"href":"https:\/\/www.areabesos.com\/diario\/wp-json\/wp\/v2\/posts\/5131","targetHints":{"allow":["GET"]}}],"collection":[{"href":"https:\/\/www.areabesos.com\/diario\/wp-json\/wp\/v2\/posts"}],"about":[{"href":"https:\/\/www.areabesos.com\/diario\/wp-json\/wp\/v2\/types\/post"}],"author":[{"embeddable":true,"href":"https:\/\/www.areabesos.com\/diario\/wp-json\/wp\/v2\/users\/2"}],"replies":[{"embeddable":true,"href":"https:\/\/www.areabesos.com\/diario\/wp-json\/wp\/v2\/comments?post=5131"}],"version-history":[{"count":1,"href":"https:\/\/www.areabesos.com\/diario\/wp-json\/wp\/v2\/posts\/5131\/revisions"}],"predecessor-version":[{"id":5133,"href":"https:\/\/www.areabesos.com\/diario\/wp-json\/wp\/v2\/posts\/5131\/revisions\/5133"}],"wp:featuredmedia":[{"embeddable":true,"href":"https:\/\/www.areabesos.com\/diario\/wp-json\/wp\/v2\/media\/5132"}],"wp:attachment":[{"href":"https:\/\/www.areabesos.com\/diario\/wp-json\/wp\/v2\/media?parent=5131"}],"wp:term":[{"taxonomy":"category","embeddable":true,"href":"https:\/\/www.areabesos.com\/diario\/wp-json\/wp\/v2\/categories?post=5131"},{"taxonomy":"post_tag","embeddable":true,"href":"https:\/\/www.areabesos.com\/diario\/wp-json\/wp\/v2\/tags?post=5131"}],"curies":[{"name":"wp","href":"https:\/\/api.w.org\/{rel}","templated":true}]}}