{"id":5121,"date":"2022-06-17T13:30:21","date_gmt":"2022-06-17T11:30:21","guid":{"rendered":"https:\/\/www.areabesos.com\/diario\/?p=5121"},"modified":"2022-06-17T13:30:22","modified_gmt":"2022-06-17T11:30:22","slug":"oscar-marjalizo-sera-el-candidat-de-ciutadans-a-lalcaldia-de-sant-adria-de-besos-a-les-eleccions-municipals-de-2023","status":"publish","type":"post","link":"https:\/\/www.areabesos.com\/diario\/oscar-marjalizo-sera-el-candidat-de-ciutadans-a-lalcaldia-de-sant-adria-de-besos-a-les-eleccions-municipals-de-2023\/","title":{"rendered":"\u00d3scar Marjalizo ser\u00e0 el candidat de Ciutadans a l&#8217;alcaldia de Sant Adri\u00e0 de Bes\u00f2s a  les eleccions municipals de 2023"},"content":{"rendered":"\n<p><strong>Ciutadans (Cs) ha anunciat que \u00d3scar\u00a0Marjalizo\u00a0ser\u00e0 el candidat a l&#8217;alcaldia de Sant Adri\u00e0 de Bes\u00f2s a les eleccions municipals de 2023<\/strong>. Ha sigut el portaveu de Cs al\u00a0Parlament\u00a0de Catalunya, Nacho Mart\u00edn Blanco, qui ha fet p\u00fablica la decisi\u00f3 del Comit\u00e8 Auton\u00f2mic del partit de confiar en\u00a0Marjalizo\u00a0per a encap\u00e7alar la pr\u00f2xima llista municipal de la formaci\u00f3 liberal a Sant Adri\u00e0 de Bes\u00f2s. Despr\u00e9s de visitar i parlar amb ve\u00efns i comerciants del barri de la Mina, Mart\u00edn Blanco ha destacat que <strong>\u201cMarjalizo\u00a0ha fet un treball extraordinari\u201d <\/strong>perqu\u00e8 <strong>\u201cels ve\u00efns el reconeixen i valoren molt positivament\u201d. \u201cEls problemes de seguretat, de neteja i d&#8217;okupaci\u00f3 s\u00f3n els temes que els nostres companys de\u00a0Sant\u00a0Adri\u00e0 han posat de manifest en els diferents plens\u201d <\/strong>ha explicat el portaveu parlamentari. Mart\u00edn Blanco s&#8217;ha mostrat conven\u00e7ut que <strong>\u201cMarjalizo\u00a0\u00e9s la persona adequada per a repetir uns bons resultats com els que vam tenir al 2019 o fins i tot millorar-los\u201d. \u201cQueda molta feina per fer a\u00a0Sant\u00a0Adri\u00e0\u201d<\/strong> ha sentenciat el diputat taronja.<\/p>\n\n\n\n<div><a href=\"https:\/\/www.areabesos.com\/diario\/wp-content\/uploads\/2022\/06\/marjalizo02-1024x576.jpg\" class=\"td-modal-image\"><figure class=\"wp-block-image size-large\"><img loading=\"lazy\" decoding=\"async\" width=\"1024\" height=\"576\" src=\"https:\/\/www.areabesos.com\/diario\/wp-content\/uploads\/2022\/06\/marjalizo02-1024x576.jpg\" alt=\"\" class=\"wp-image-5122\" srcset=\"https:\/\/www.areabesos.com\/diario\/wp-content\/uploads\/2022\/06\/marjalizo02-1024x576.jpg 1024w, https:\/\/www.areabesos.com\/diario\/wp-content\/uploads\/2022\/06\/marjalizo02-300x169.jpg 300w, https:\/\/www.areabesos.com\/diario\/wp-content\/uploads\/2022\/06\/marjalizo02-768x432.jpg 768w, https:\/\/www.areabesos.com\/diario\/wp-content\/uploads\/2022\/06\/marjalizo02-150x84.jpg 150w, https:\/\/www.areabesos.com\/diario\/wp-content\/uploads\/2022\/06\/marjalizo02-696x392.jpg 696w, https:\/\/www.areabesos.com\/diario\/wp-content\/uploads\/2022\/06\/marjalizo02-1068x601.jpg 1068w, https:\/\/www.areabesos.com\/diario\/wp-content\/uploads\/2022\/06\/marjalizo02.jpg 1200w\" sizes=\"auto, (max-width: 1024px) 100vw, 1024px\" \/><figcaption>El portaveu de Cs al\u00a0Parlament\u00a0de Catalunya, Nacho Mart\u00edn Blanco (dreta), amb \u00d3scar marjalizo (esquerra) durant la seva visita al barri de La Mina.<\/figcaption><\/figure><\/a><\/div>\n\n\n\n<p><strong>Marjalizo,<\/strong> de 45 anys, t\u00e9 les titulacions d&#8217;auxiliar administratiu i auxiliar d&#8217;infermeria i treballa actualment com a auxiliar sanitari a l&#8217;Hospital Universitari&nbsp;Quir\u00f3n-Dexeus. <strong>Militant de Cs des del 2012 \u00e9s regidor a l&#8217;ajuntament de Sant Adri\u00e0 de Bes\u00f2s des del 2015<\/strong>.&nbsp;Marjalizo&nbsp;ha volgut agrair el treball dels seus companys i la confian\u00e7a dipositada en ell per a <strong>\u201ctenir l&#8217;oportunitat d&#8217;encap\u00e7alar aquesta candidatura\u201d. \u201cPortem 7 anys treballant per a la ciutat i per als ve\u00efns\u201d <\/strong>perqu\u00e8<strong> \u201cel nostre objectiu sempre ha estat mirar per la ciutat\u201d <\/strong>i<strong> \u201caquesta ser\u00e0 la l\u00ednia en la que continuarem per a portar els problemes dels nostres ve\u00efns al ple o all\u00e0 on faci falta\u201d<\/strong> ha assegurat el candidat taronja.<\/p>\n","protected":false},"excerpt":{"rendered":"<p>Ciutadans (Cs) ha anunciat que \u00d3scar\u00a0Marjalizo\u00a0ser\u00e0 el candidat a l&#8217;alcaldia de Sant Adri\u00e0 de Bes\u00f2s a les eleccions municipals de 2023. Ha sigut el portaveu de Cs al\u00a0Parlament\u00a0de Catalunya, Nacho Mart\u00edn Blanco, qui ha fet p\u00fablica la decisi\u00f3 del Comit\u00e8 Auton\u00f2mic del partit de confiar en\u00a0Marjalizo\u00a0per a encap\u00e7alar la pr\u00f2xima llista municipal de la formaci\u00f3 [&hellip;]<\/p>\n","protected":false},"author":2,"featured_media":5123,"comment_status":"open","ping_status":"open","sticky":false,"template":"","format":"standard","meta":{"footnotes":""},"categories":[134],"tags":[],"class_list":{"0":"post-5121","1":"post","2":"type-post","3":"status-publish","4":"format-standard","5":"has-post-thumbnail","7":"category-actualitat"},"_links":{"self":[{"href":"https:\/\/www.areabesos.com\/diario\/wp-json\/wp\/v2\/posts\/5121","targetHints":{"allow":["GET"]}}],"collection":[{"href":"https:\/\/www.areabesos.com\/diario\/wp-json\/wp\/v2\/posts"}],"about":[{"href":"https:\/\/www.areabesos.com\/diario\/wp-json\/wp\/v2\/types\/post"}],"author":[{"embeddable":true,"href":"https:\/\/www.areabesos.com\/diario\/wp-json\/wp\/v2\/users\/2"}],"replies":[{"embeddable":true,"href":"https:\/\/www.areabesos.com\/diario\/wp-json\/wp\/v2\/comments?post=5121"}],"version-history":[{"count":1,"href":"https:\/\/www.areabesos.com\/diario\/wp-json\/wp\/v2\/posts\/5121\/revisions"}],"predecessor-version":[{"id":5124,"href":"https:\/\/www.areabesos.com\/diario\/wp-json\/wp\/v2\/posts\/5121\/revisions\/5124"}],"wp:featuredmedia":[{"embeddable":true,"href":"https:\/\/www.areabesos.com\/diario\/wp-json\/wp\/v2\/media\/5123"}],"wp:attachment":[{"href":"https:\/\/www.areabesos.com\/diario\/wp-json\/wp\/v2\/media?parent=5121"}],"wp:term":[{"taxonomy":"category","embeddable":true,"href":"https:\/\/www.areabesos.com\/diario\/wp-json\/wp\/v2\/categories?post=5121"},{"taxonomy":"post_tag","embeddable":true,"href":"https:\/\/www.areabesos.com\/diario\/wp-json\/wp\/v2\/tags?post=5121"}],"curies":[{"name":"wp","href":"https:\/\/api.w.org\/{rel}","templated":true}]}}