{"id":5116,"date":"2022-06-17T13:16:00","date_gmt":"2022-06-17T11:16:00","guid":{"rendered":"https:\/\/www.areabesos.com\/diario\/?p=5116"},"modified":"2022-06-17T13:22:23","modified_gmt":"2022-06-17T11:22:23","slug":"bones-noticies-sobre-la-qualitat-de-laire-al-barri-de-la-catalana","status":"publish","type":"post","link":"https:\/\/www.areabesos.com\/diario\/bones-noticies-sobre-la-qualitat-de-laire-al-barri-de-la-catalana\/","title":{"rendered":"Bones not\u00edcies sobre la qualitat de l&#8217;aire al barri de La Catalana"},"content":{"rendered":"\n<p>L\u2019Ajuntament de Sant Adri\u00e0 de Bes\u00f2s va sol\u00b7licitar l\u2019any passat<strong> <\/strong>al Departament d\u2019Acci\u00f3 Clim\u00e0tica, Alimentaci\u00f3 i Agenda Rural que realitzes una campanya de mesuraments al passeig Antonio Machado, al barri de la Catalana.<\/p>\n\n\n\n<p>L\u2019informe rebut en data 13 de juny de 2022 conclou que durant el <strong>per\u00edode de mesurament, entre el 8 de novembre de 2021 i el 25 de gener de 2022, no s\u2019han superat els valors de refer\u00e8ncia legislats de cap dels contaminants atmosf\u00e8rics mesurats.<\/strong><\/p>\n\n\n\n<p>El resultats obtinguts mostren que, tot i no sobrepassar el l\u00edmit legislat, els contaminants que han presentat un tant per cent m\u00e9s elevat respecte el valor legislat han estat el di\u00f2xid de nitrogen (NO2) i les part\u00edcules PM10, aquests contaminants son generats tant per la ind\u00fastria com pel tr\u00e0nsit rodat i la intrusi\u00f3 de pols d\u2019origen afric\u00e0 en el cas de part\u00edcules.<\/p>\n\n\n\n<p>Amb la unitat m\u00f2bil es&nbsp; van fer mesuraments d\u2019immissi\u00f3 en continu i durant 24h dels contaminants atmosf\u00e8rics seg\u00fcents: di\u00f2xid de sofre (SO2), sulfur d\u2019hidrogen (H2S), mon\u00f2xid de carboni (CO), di\u00f2xid de nitrogen (NO2) i oz\u00f3 (O3). A part aquesta estaci\u00f3 est\u00e0 equipada amb una estaci\u00f3 meteorol\u00f2gica que mesura en continu dels seg\u00fcents par\u00e0metres: temperatura, pressi\u00f3 atmosf\u00e8rica, radiaci\u00f3 solar, direcci\u00f3 del vent, velocitat del vent, precipitaci\u00f3 i humitat relativa.<\/p>\n\n\n\n<p>Pel que fa a la resta de contaminants atmosf\u00e8rics, s\u2019han pres mostres de les part\u00edcules en suspensi\u00f3 de di\u00e0metre inferior a 10 \u03bcm (PM10), de benz\u00e8 (C6H6), i d\u2019hidrocarburs arom\u00e0tics polic\u00edclics (HAP) mitjan\u00e7ant captadors manuals, tal i com estableix la legislaci\u00f3 vigent per a aquests contaminants. En la fracci\u00f3 PM10 del material particulat s\u2019han determinat els nivells de metalls pesants (Cd, Ni, A i Pb) i d\u2019hidrocarburs arom\u00e0tics polic\u00edclics (HAPs).<\/p>\n\n\n\n<div><a href=\"https:\/\/www.areabesos.com\/diario\/wp-content\/uploads\/2022\/06\/qualitat-aire-catalana-1-1024x607.jpg\" class=\"td-modal-image\"><figure class=\"wp-block-image size-large\"><img loading=\"lazy\" decoding=\"async\" width=\"1024\" height=\"607\" src=\"https:\/\/www.areabesos.com\/diario\/wp-content\/uploads\/2022\/06\/qualitat-aire-catalana-1-1024x607.jpg\" alt=\"\" class=\"wp-image-5117\" srcset=\"https:\/\/www.areabesos.com\/diario\/wp-content\/uploads\/2022\/06\/qualitat-aire-catalana-1-1024x607.jpg 1024w, https:\/\/www.areabesos.com\/diario\/wp-content\/uploads\/2022\/06\/qualitat-aire-catalana-1-300x178.jpg 300w, https:\/\/www.areabesos.com\/diario\/wp-content\/uploads\/2022\/06\/qualitat-aire-catalana-1-768x455.jpg 768w, https:\/\/www.areabesos.com\/diario\/wp-content\/uploads\/2022\/06\/qualitat-aire-catalana-1-1536x911.jpg 1536w, https:\/\/www.areabesos.com\/diario\/wp-content\/uploads\/2022\/06\/qualitat-aire-catalana-1-2048x1214.jpg 2048w, https:\/\/www.areabesos.com\/diario\/wp-content\/uploads\/2022\/06\/qualitat-aire-catalana-1-150x89.jpg 150w, https:\/\/www.areabesos.com\/diario\/wp-content\/uploads\/2022\/06\/qualitat-aire-catalana-1-696x413.jpg 696w, https:\/\/www.areabesos.com\/diario\/wp-content\/uploads\/2022\/06\/qualitat-aire-catalana-1-1068x633.jpg 1068w, https:\/\/www.areabesos.com\/diario\/wp-content\/uploads\/2022\/06\/qualitat-aire-catalana-1-1920x1138.jpg 1920w\" sizes=\"auto, (max-width: 1024px) 100vw, 1024px\" \/><\/figure><\/a><\/div>\n\n\n\n<div><a href=\"https:\/\/www.areabesos.com\/diario\/wp-content\/uploads\/2022\/06\/qualitat-aire-catalana-2-1024x653.jpg\" class=\"td-modal-image\"><figure class=\"wp-block-image size-large\"><img loading=\"lazy\" decoding=\"async\" width=\"1024\" height=\"653\" src=\"https:\/\/www.areabesos.com\/diario\/wp-content\/uploads\/2022\/06\/qualitat-aire-catalana-2-1024x653.jpg\" alt=\"\" class=\"wp-image-5118\" srcset=\"https:\/\/www.areabesos.com\/diario\/wp-content\/uploads\/2022\/06\/qualitat-aire-catalana-2-1024x653.jpg 1024w, https:\/\/www.areabesos.com\/diario\/wp-content\/uploads\/2022\/06\/qualitat-aire-catalana-2-300x191.jpg 300w, https:\/\/www.areabesos.com\/diario\/wp-content\/uploads\/2022\/06\/qualitat-aire-catalana-2-768x490.jpg 768w, https:\/\/www.areabesos.com\/diario\/wp-content\/uploads\/2022\/06\/qualitat-aire-catalana-2-150x96.jpg 150w, https:\/\/www.areabesos.com\/diario\/wp-content\/uploads\/2022\/06\/qualitat-aire-catalana-2-696x444.jpg 696w, https:\/\/www.areabesos.com\/diario\/wp-content\/uploads\/2022\/06\/qualitat-aire-catalana-2-1068x681.jpg 1068w, https:\/\/www.areabesos.com\/diario\/wp-content\/uploads\/2022\/06\/qualitat-aire-catalana-2.jpg 1200w\" sizes=\"auto, (max-width: 1024px) 100vw, 1024px\" \/><\/figure><\/a><\/div>\n","protected":false},"excerpt":{"rendered":"<p>L\u2019Ajuntament de Sant Adri\u00e0 de Bes\u00f2s va sol\u00b7licitar l\u2019any passat al Departament d\u2019Acci\u00f3 Clim\u00e0tica, Alimentaci\u00f3 i Agenda Rural que realitzes una campanya de mesuraments al passeig Antonio Machado, al barri de la Catalana. L\u2019informe rebut en data 13 de juny de 2022 conclou que durant el per\u00edode de mesurament, entre el 8 de novembre de [&hellip;]<\/p>\n","protected":false},"author":2,"featured_media":5119,"comment_status":"open","ping_status":"open","sticky":false,"template":"","format":"standard","meta":{"footnotes":""},"categories":[134],"tags":[],"class_list":{"0":"post-5116","1":"post","2":"type-post","3":"status-publish","4":"format-standard","5":"has-post-thumbnail","7":"category-actualitat"},"_links":{"self":[{"href":"https:\/\/www.areabesos.com\/diario\/wp-json\/wp\/v2\/posts\/5116","targetHints":{"allow":["GET"]}}],"collection":[{"href":"https:\/\/www.areabesos.com\/diario\/wp-json\/wp\/v2\/posts"}],"about":[{"href":"https:\/\/www.areabesos.com\/diario\/wp-json\/wp\/v2\/types\/post"}],"author":[{"embeddable":true,"href":"https:\/\/www.areabesos.com\/diario\/wp-json\/wp\/v2\/users\/2"}],"replies":[{"embeddable":true,"href":"https:\/\/www.areabesos.com\/diario\/wp-json\/wp\/v2\/comments?post=5116"}],"version-history":[{"count":1,"href":"https:\/\/www.areabesos.com\/diario\/wp-json\/wp\/v2\/posts\/5116\/revisions"}],"predecessor-version":[{"id":5120,"href":"https:\/\/www.areabesos.com\/diario\/wp-json\/wp\/v2\/posts\/5116\/revisions\/5120"}],"wp:featuredmedia":[{"embeddable":true,"href":"https:\/\/www.areabesos.com\/diario\/wp-json\/wp\/v2\/media\/5119"}],"wp:attachment":[{"href":"https:\/\/www.areabesos.com\/diario\/wp-json\/wp\/v2\/media?parent=5116"}],"wp:term":[{"taxonomy":"category","embeddable":true,"href":"https:\/\/www.areabesos.com\/diario\/wp-json\/wp\/v2\/categories?post=5116"},{"taxonomy":"post_tag","embeddable":true,"href":"https:\/\/www.areabesos.com\/diario\/wp-json\/wp\/v2\/tags?post=5116"}],"curies":[{"name":"wp","href":"https:\/\/api.w.org\/{rel}","templated":true}]}}