{"id":5113,"date":"2022-06-16T12:53:00","date_gmt":"2022-06-16T10:53:00","guid":{"rendered":"https:\/\/www.areabesos.com\/diario\/?p=5113"},"modified":"2022-06-17T13:12:25","modified_gmt":"2022-06-17T11:12:25","slug":"creu-roja-barcelones-nord-i-lajuntament-de-sant-adria-renoven-el-compromis-per-al-desenvolupament-de-programes-socials-a-la-ciutat","status":"publish","type":"post","link":"https:\/\/www.areabesos.com\/diario\/creu-roja-barcelones-nord-i-lajuntament-de-sant-adria-renoven-el-compromis-per-al-desenvolupament-de-programes-socials-a-la-ciutat\/","title":{"rendered":"Creu Roja Barcelon\u00e8s Nord i l\u2019Ajuntament de Sant Adri\u00e0 renoven el comprom\u00eds per al desenvolupament de programes socials a la ciutat"},"content":{"rendered":"\n<p>Aquest mat\u00ed l\u2019alcaldessa, Filo Ca\u00f1ete, i la presidenta de Creu Roja Barcelon\u00e8s Nord, Rosa Marco, han signat un conveni de col\u00b7laboraci\u00f3 per al desenvolupament de programes socials durant l\u2019any 2022. L\u2019Ajuntament donar\u00e0 20.000 a l\u2019entitat per al Programa Municipal d\u2019Aliments Solidaris i la Campanya d\u2019atenci\u00f3 a la inf\u00e0ncia: Joguina Educativa.<\/p>\n\n\n\n<p><strong>Programa d\u2019Aliments Solidaris<\/strong><\/p>\n\n\n\n<p>Ofereix aliments b\u00e0sics a les persones i\/o fam\u00edlies que tenen dificultats econ\u00f2miques. S\u2019ofereix un lot d\u2019aliments amb una periodicitat quinzenal que s\u2019adapta en funci\u00f3 del nombre de persones que conviuen al domicili i dels productes de temporada. Si b\u00e9 no cobreix les necessitats aliment\u00e0ries d\u2019una fam\u00edlia, els proporciona una cistella amb alimentaci\u00f3 b\u00e0sica.<\/p>\n\n\n\n<p>Durant l\u2019any 2021 es van atendre 1.724 persones (579 fam\u00edlies).<\/p>\n\n\n\n<p><strong>Programa La joguina educativa<\/strong><\/p>\n\n\n\n<p>\u00c9s una campanya&nbsp; que vol garantir un dels drets de la inf\u00e0ncia: el dret al joc. L\u2019objectiu \u00e9s que tots els infants de 0 a 12 anys tinguin les mateixes oportunitats i rebin una joguina nova per Nadal. El programa de 2021 va atendre 101 infants i 59 fam\u00edlies.<\/p>\n","protected":false},"excerpt":{"rendered":"<p>Aquest mat\u00ed l\u2019alcaldessa, Filo Ca\u00f1ete, i la presidenta de Creu Roja Barcelon\u00e8s Nord, Rosa Marco, han signat un conveni de col\u00b7laboraci\u00f3 per al desenvolupament de programes socials durant l\u2019any 2022. L\u2019Ajuntament donar\u00e0 20.000 a l\u2019entitat per al Programa Municipal d\u2019Aliments Solidaris i la Campanya d\u2019atenci\u00f3 a la inf\u00e0ncia: Joguina Educativa. Programa d\u2019Aliments Solidaris Ofereix aliments [&hellip;]<\/p>\n","protected":false},"author":2,"featured_media":5114,"comment_status":"open","ping_status":"open","sticky":false,"template":"","format":"standard","meta":{"footnotes":""},"categories":[134],"tags":[],"class_list":{"0":"post-5113","1":"post","2":"type-post","3":"status-publish","4":"format-standard","5":"has-post-thumbnail","7":"category-actualitat"},"_links":{"self":[{"href":"https:\/\/www.areabesos.com\/diario\/wp-json\/wp\/v2\/posts\/5113","targetHints":{"allow":["GET"]}}],"collection":[{"href":"https:\/\/www.areabesos.com\/diario\/wp-json\/wp\/v2\/posts"}],"about":[{"href":"https:\/\/www.areabesos.com\/diario\/wp-json\/wp\/v2\/types\/post"}],"author":[{"embeddable":true,"href":"https:\/\/www.areabesos.com\/diario\/wp-json\/wp\/v2\/users\/2"}],"replies":[{"embeddable":true,"href":"https:\/\/www.areabesos.com\/diario\/wp-json\/wp\/v2\/comments?post=5113"}],"version-history":[{"count":1,"href":"https:\/\/www.areabesos.com\/diario\/wp-json\/wp\/v2\/posts\/5113\/revisions"}],"predecessor-version":[{"id":5115,"href":"https:\/\/www.areabesos.com\/diario\/wp-json\/wp\/v2\/posts\/5113\/revisions\/5115"}],"wp:featuredmedia":[{"embeddable":true,"href":"https:\/\/www.areabesos.com\/diario\/wp-json\/wp\/v2\/media\/5114"}],"wp:attachment":[{"href":"https:\/\/www.areabesos.com\/diario\/wp-json\/wp\/v2\/media?parent=5113"}],"wp:term":[{"taxonomy":"category","embeddable":true,"href":"https:\/\/www.areabesos.com\/diario\/wp-json\/wp\/v2\/categories?post=5113"},{"taxonomy":"post_tag","embeddable":true,"href":"https:\/\/www.areabesos.com\/diario\/wp-json\/wp\/v2\/tags?post=5113"}],"curies":[{"name":"wp","href":"https:\/\/api.w.org\/{rel}","templated":true}]}}