{"id":5107,"date":"2022-06-16T11:37:20","date_gmt":"2022-06-16T09:37:20","guid":{"rendered":"https:\/\/www.areabesos.com\/diario\/?p=5107"},"modified":"2022-06-16T11:37:21","modified_gmt":"2022-06-16T09:37:21","slug":"comencen-les-obres-dasfaltat-de-lavinguda-de-la-platja","status":"publish","type":"post","link":"https:\/\/www.areabesos.com\/diario\/comencen-les-obres-dasfaltat-de-lavinguda-de-la-platja\/","title":{"rendered":"Comencen les obres d\u2019asfaltat de l\u2019avinguda de la Platja"},"content":{"rendered":"\n<p><strong>El proper dilluns 20 de juny<\/strong>&nbsp;comencen les obres d\u2019asfaltat de l\u2019av. de la Platja en el tram compr\u00e9s entre el c. Torrassa i l\u2019av. d\u2019Eduard Maristany (sentit mar).<\/p>\n\n\n\n<p>La intervenci\u00f3 consistir\u00e0 en la retirada del paviment i els treballs d\u2019asfaltat i senyalitzaci\u00f3 noves. L\u2019actuaci\u00f3 t\u00e9 com a objectiu recuperar la qualitat d\u2019aquest espai, ja que actualment el paviment est\u00e0 for\u00e7a deteriorat,\u00e9s una font de contaminaci\u00f3 ambiental sonora i comporta un major risc d\u2019accidents.<\/p>\n\n\n\n<p>El pressupost de l\u2019obra, que es preveu que estigui enllestida en un mes, \u00e9s de&nbsp;<strong>56.840 \u20ac (IVA incl\u00f2s)<\/strong>.<\/p>\n","protected":false},"excerpt":{"rendered":"<p>El proper dilluns 20 de juny&nbsp;comencen les obres d\u2019asfaltat de l\u2019av. de la Platja en el tram compr\u00e9s entre el c. Torrassa i l\u2019av. d\u2019Eduard Maristany (sentit mar). La intervenci\u00f3 consistir\u00e0 en la retirada del paviment i els treballs d\u2019asfaltat i senyalitzaci\u00f3 noves. L\u2019actuaci\u00f3 t\u00e9 com a objectiu recuperar la qualitat d\u2019aquest espai, ja que [&hellip;]<\/p>\n","protected":false},"author":2,"featured_media":5108,"comment_status":"open","ping_status":"open","sticky":false,"template":"","format":"standard","meta":{"footnotes":""},"categories":[134],"tags":[],"class_list":{"0":"post-5107","1":"post","2":"type-post","3":"status-publish","4":"format-standard","5":"has-post-thumbnail","7":"category-actualitat"},"_links":{"self":[{"href":"https:\/\/www.areabesos.com\/diario\/wp-json\/wp\/v2\/posts\/5107","targetHints":{"allow":["GET"]}}],"collection":[{"href":"https:\/\/www.areabesos.com\/diario\/wp-json\/wp\/v2\/posts"}],"about":[{"href":"https:\/\/www.areabesos.com\/diario\/wp-json\/wp\/v2\/types\/post"}],"author":[{"embeddable":true,"href":"https:\/\/www.areabesos.com\/diario\/wp-json\/wp\/v2\/users\/2"}],"replies":[{"embeddable":true,"href":"https:\/\/www.areabesos.com\/diario\/wp-json\/wp\/v2\/comments?post=5107"}],"version-history":[{"count":1,"href":"https:\/\/www.areabesos.com\/diario\/wp-json\/wp\/v2\/posts\/5107\/revisions"}],"predecessor-version":[{"id":5109,"href":"https:\/\/www.areabesos.com\/diario\/wp-json\/wp\/v2\/posts\/5107\/revisions\/5109"}],"wp:featuredmedia":[{"embeddable":true,"href":"https:\/\/www.areabesos.com\/diario\/wp-json\/wp\/v2\/media\/5108"}],"wp:attachment":[{"href":"https:\/\/www.areabesos.com\/diario\/wp-json\/wp\/v2\/media?parent=5107"}],"wp:term":[{"taxonomy":"category","embeddable":true,"href":"https:\/\/www.areabesos.com\/diario\/wp-json\/wp\/v2\/categories?post=5107"},{"taxonomy":"post_tag","embeddable":true,"href":"https:\/\/www.areabesos.com\/diario\/wp-json\/wp\/v2\/tags?post=5107"}],"curies":[{"name":"wp","href":"https:\/\/api.w.org\/{rel}","templated":true}]}}