{"id":5101,"date":"2022-06-16T11:00:11","date_gmt":"2022-06-16T09:00:11","guid":{"rendered":"https:\/\/www.areabesos.com\/diario\/?p=5101"},"modified":"2022-06-16T11:00:12","modified_gmt":"2022-06-16T09:00:12","slug":"aquesta-setmana-comenca-a-funcionar-el-bus-llancadora-a-la-platja-del-forum","status":"publish","type":"post","link":"https:\/\/www.areabesos.com\/diario\/aquesta-setmana-comenca-a-funcionar-el-bus-llancadora-a-la-platja-del-forum\/","title":{"rendered":"Aquesta setmana comen\u00e7a a funcionar el bus llan\u00e7adora a la platja del F\u00f2rum"},"content":{"rendered":"\n<p>Dissabte&nbsp;<strong>18 de juny i diumenge 19 de juny&nbsp;<\/strong>funcionar\u00e0 el servei de bus que facilitar\u00e0 l&#8217; acc\u00e9s als ciutadans i ciutadanes de Sant Adri\u00e0 a la platja del F\u00f2rum (parc de la Pau). Amb aquest servei es&nbsp;vol acostar&nbsp;la platja a la ciutadania, especialment, a les persones grans i amb problemes de mobilitat.<\/p>\n\n\n\n<p>El servei de bus se suspendr\u00e0 la setmana vinent des del dilluns 20 al dijous 23 de juny, i tornar\u00e0 a funcionar di\u00e0riament (de dilluns a diumenge) del 24 de juny al 12 de setembre. L&#8217;horari ser\u00e0&nbsp;<strong>de 8.40 a 20 h des del centre de Sant Adri\u00e0, i de 9 a 8.20 h des de la parada de la platja del F\u00f2rum, amb una freq\u00fc\u00e8ncia de pas de 40 minuts.<\/strong><\/p>\n\n\n\n<h3 class=\"wp-block-heading\"><strong>Parades<\/strong><\/h3>\n\n\n\n<p>L\u2019any passat el punt de sortida era la platja de Sant Adri\u00e0 mentre que enguany s\u2019han incorporat m\u00e9s parades: hi haur\u00e0 una nova parada d\u2019origen i final a l<strong>\u2019av. Corts Catalanes n\u00fam. 528 cantonada av. Catalunya<\/strong>, i altres tres parades ja existents (av. Catalunya i Torrassa) fins arribar a la platja del F\u00f2rum, amb parada davant del port com l\u2019any passat, i ja de tornada una parada al carrer Ol\u00edmpic amb Torrassa.<\/p>\n","protected":false},"excerpt":{"rendered":"<p>Dissabte&nbsp;18 de juny i diumenge 19 de juny&nbsp;funcionar\u00e0 el servei de bus que facilitar\u00e0 l&#8217; acc\u00e9s als ciutadans i ciutadanes de Sant Adri\u00e0 a la platja del F\u00f2rum (parc de la Pau). Amb aquest servei es&nbsp;vol acostar&nbsp;la platja a la ciutadania, especialment, a les persones grans i amb problemes de mobilitat. El servei de bus [&hellip;]<\/p>\n","protected":false},"author":1,"featured_media":5102,"comment_status":"open","ping_status":"open","sticky":false,"template":"","format":"standard","meta":{"footnotes":""},"categories":[134],"tags":[],"class_list":{"0":"post-5101","1":"post","2":"type-post","3":"status-publish","4":"format-standard","5":"has-post-thumbnail","7":"category-actualitat"},"_links":{"self":[{"href":"https:\/\/www.areabesos.com\/diario\/wp-json\/wp\/v2\/posts\/5101","targetHints":{"allow":["GET"]}}],"collection":[{"href":"https:\/\/www.areabesos.com\/diario\/wp-json\/wp\/v2\/posts"}],"about":[{"href":"https:\/\/www.areabesos.com\/diario\/wp-json\/wp\/v2\/types\/post"}],"author":[{"embeddable":true,"href":"https:\/\/www.areabesos.com\/diario\/wp-json\/wp\/v2\/users\/1"}],"replies":[{"embeddable":true,"href":"https:\/\/www.areabesos.com\/diario\/wp-json\/wp\/v2\/comments?post=5101"}],"version-history":[{"count":1,"href":"https:\/\/www.areabesos.com\/diario\/wp-json\/wp\/v2\/posts\/5101\/revisions"}],"predecessor-version":[{"id":5103,"href":"https:\/\/www.areabesos.com\/diario\/wp-json\/wp\/v2\/posts\/5101\/revisions\/5103"}],"wp:featuredmedia":[{"embeddable":true,"href":"https:\/\/www.areabesos.com\/diario\/wp-json\/wp\/v2\/media\/5102"}],"wp:attachment":[{"href":"https:\/\/www.areabesos.com\/diario\/wp-json\/wp\/v2\/media?parent=5101"}],"wp:term":[{"taxonomy":"category","embeddable":true,"href":"https:\/\/www.areabesos.com\/diario\/wp-json\/wp\/v2\/categories?post=5101"},{"taxonomy":"post_tag","embeddable":true,"href":"https:\/\/www.areabesos.com\/diario\/wp-json\/wp\/v2\/tags?post=5101"}],"curies":[{"name":"wp","href":"https:\/\/api.w.org\/{rel}","templated":true}]}}