{"id":5098,"date":"2022-06-15T12:17:59","date_gmt":"2022-06-15T10:17:59","guid":{"rendered":"https:\/\/www.areabesos.com\/diario\/?p=5098"},"modified":"2022-06-15T12:17:59","modified_gmt":"2022-06-15T10:17:59","slug":"votar-segons-beneficii-a-les-nostres-butxaques","status":"publish","type":"post","link":"https:\/\/www.areabesos.com\/diario\/votar-segons-beneficii-a-les-nostres-butxaques\/","title":{"rendered":"Votar segons benefici\u00ef a les nostres  butxaques"},"content":{"rendered":"\n<p>Hi ha una cosa a la qual li diuen programa electoral, els\u00a0partits pol\u00edtics expliquen fil per randa el que volen portar\u00a0endavant\u00a0a la seva seg\u00fcent legislatura. L&#8217;espanyol analitza els programes dels principals partits pol\u00edtics i s&#8217;interessa pel que passar\u00e0 amb els seus diners,\u00a0si pagar\u00e0\u00a0m\u00e9s\u00a0impostos, si li augmentessin els sous i altres\u00a0necessitats. Els\u00a0partits saben per endavant que moltes promeses que fan no les podran complir i els votants\u00a0tamb\u00e9. A\u00a0Andalusia es podr\u00e0 veure la tend\u00e8ncia que hi ha per a veure com a Espanya\u00a0s&#8217;est\u00e0\u00a0preparant per a grans\u00a0canvis. La\u00a0pol\u00edtica\u00a0est\u00e0\u00a0en els seus \u00faltims\u00a0espertenecs,\u00a0tant en les eleccions generals,\u00a0com en les eleccions\u00a0auton\u00f2miques. Els\u00a0pol\u00edtics han estat els causants aquestes\u00a0\u00faltimes\u00a0decisions de vots,\u00a0ning\u00fa sap el que li va millor per als espanyols,\u00a0nom\u00e9s saben que votessin segons benefici\u00efn a les seves\u00a0butxaques. Tots\u00a0sabem que tots els partits pol\u00edtics estan en coma, per\u00a0diferents motius. Els\u00a0signes externs d&#8217;aquesta mort s\u00f3n,\u00a0la gran corrupci\u00f3 que ha demostrat que han estat incapaces d&#8217;adaptar-se a la democr\u00e0cia, la\u00a0desuni\u00f3 dins dels mateixos partits i el clientelisme. Els partits pol\u00edtics espanyols,\u00a0incloent-hi els nacionalistes,\u00a0s&#8217;han autodestru\u00eft en cometre els pitjors pecats,\u00a0anteposar els\u00a0interessos\u00a0propis al b\u00e9 com\u00fa. I ara comen\u00e7aran a pagar el preu.<\/p>\n\n\n\n<p><span style=\"background-color:#0b0000\" class=\"td_text_highlight_marker\">Josep Meg\u00edas<\/span><\/p>\n","protected":false},"excerpt":{"rendered":"<p>Hi ha una cosa a la qual li diuen programa electoral, els\u00a0partits pol\u00edtics expliquen fil per randa el que volen portar\u00a0endavant\u00a0a la seva seg\u00fcent legislatura. L&#8217;espanyol analitza els programes dels principals partits pol\u00edtics i s&#8217;interessa pel que passar\u00e0 amb els seus diners,\u00a0si pagar\u00e0\u00a0m\u00e9s\u00a0impostos, si li augmentessin els sous i altres\u00a0necessitats. Els\u00a0partits saben per endavant que [&hellip;]<\/p>\n","protected":false},"author":2,"featured_media":5099,"comment_status":"open","ping_status":"open","sticky":false,"template":"","format":"standard","meta":{"footnotes":""},"categories":[139],"tags":[],"class_list":{"0":"post-5098","1":"post","2":"type-post","3":"status-publish","4":"format-standard","5":"has-post-thumbnail","7":"category-opinio"},"_links":{"self":[{"href":"https:\/\/www.areabesos.com\/diario\/wp-json\/wp\/v2\/posts\/5098","targetHints":{"allow":["GET"]}}],"collection":[{"href":"https:\/\/www.areabesos.com\/diario\/wp-json\/wp\/v2\/posts"}],"about":[{"href":"https:\/\/www.areabesos.com\/diario\/wp-json\/wp\/v2\/types\/post"}],"author":[{"embeddable":true,"href":"https:\/\/www.areabesos.com\/diario\/wp-json\/wp\/v2\/users\/2"}],"replies":[{"embeddable":true,"href":"https:\/\/www.areabesos.com\/diario\/wp-json\/wp\/v2\/comments?post=5098"}],"version-history":[{"count":1,"href":"https:\/\/www.areabesos.com\/diario\/wp-json\/wp\/v2\/posts\/5098\/revisions"}],"predecessor-version":[{"id":5100,"href":"https:\/\/www.areabesos.com\/diario\/wp-json\/wp\/v2\/posts\/5098\/revisions\/5100"}],"wp:featuredmedia":[{"embeddable":true,"href":"https:\/\/www.areabesos.com\/diario\/wp-json\/wp\/v2\/media\/5099"}],"wp:attachment":[{"href":"https:\/\/www.areabesos.com\/diario\/wp-json\/wp\/v2\/media?parent=5098"}],"wp:term":[{"taxonomy":"category","embeddable":true,"href":"https:\/\/www.areabesos.com\/diario\/wp-json\/wp\/v2\/categories?post=5098"},{"taxonomy":"post_tag","embeddable":true,"href":"https:\/\/www.areabesos.com\/diario\/wp-json\/wp\/v2\/tags?post=5098"}],"curies":[{"name":"wp","href":"https:\/\/api.w.org\/{rel}","templated":true}]}}