{"id":5094,"date":"2022-06-15T12:10:40","date_gmt":"2022-06-15T10:10:40","guid":{"rendered":"https:\/\/www.areabesos.com\/diario\/?p=5094"},"modified":"2022-06-15T12:10:41","modified_gmt":"2022-06-15T10:10:41","slug":"laire-i-laigua","status":"publish","type":"post","link":"https:\/\/www.areabesos.com\/diario\/laire-i-laigua\/","title":{"rendered":"L&#8217;aire i l&#8217;aigua"},"content":{"rendered":"\n<p>L&#8217;esp\u00e8cie humana\u00a0est\u00e0\u00a0destrossant la vida de la\u00a0terra. L&#8217;aire en l&#8217;actualitat \u00e9s gratu\u00eft i ara com ara importa molt\u00a0poc, ja que\u00a0podem\u00a0respirar. Si\u00a0seguim amb la contaminaci\u00f3\u00a0arribar\u00e0\u00a0un dia que haurem de crear conduccions d&#8217;aire igual que les de gas,\u00a0perqu\u00e8 arribin a les nostres cases i poder recarregar els equips per a poder sortir als\u00a0carrers. Aix\u00f2\u00a0sembla ci\u00e8ncia-ficci\u00f3, per\u00f2\u00a0passar\u00e0. Referent\u00a0a l&#8217;aigua encara que ja l&#8217;estem pagant i cada dia \u00e9s\u00a0m\u00e9s\u00a0cara, la\u00a0gastem d&#8217;una forma sense donar-li el m\u00ednim\u00a0valor. Referent\u00a0a l&#8217;aigua voldria comentar que la funci\u00f3 dels arbres \u00e9s treballar com una bomba,\u00a0recullen l&#8217;aigua del subsol i porten a la part superior,\u00a0creen vapor d&#8217;aigua,\u00a0creant rius voladors,\u00a0que s\u00f3n els que produeixen les\u00a0pluges. Tot\u00a0aix\u00f2\u00a0est\u00e0\u00a0amena\u00e7at per la tala\u00a0d&#8217;arbres. Sobre\u00a0el 2050 si no prenem mesures de fabricaci\u00f3 d&#8217;equips de recuperaci\u00f3 d&#8217;aig\u00fces,\u00a0b\u00e9 siguin de la mar o d&#8217;altres llocs,\u00a0la humanitat tindr\u00e0 problemes de\u00a0prove\u00efment. I\u00a0per\u00a0\u00faltim\u00a0haurem\u00a0de preparar-nos per a viure igual que els Saharians, bulka\u00a0negre per al filtre del sol i t&#8217;escalfi per a rebaixar les altes temperatures,\u00a0s&#8217;acabar-vos\u00a0els gelats que no serviran per a res. Segurament molts no estarem,\u00a0ja s&#8217;espavilessin quan els toqui,\u00a0aquest \u00e9s el pensament dels pol\u00edtics.<\/p>\n\n\n\n<p><span style=\"background-color:#0b0000\" class=\"td_text_highlight_marker\">Josep Meg\u00edas<\/span><\/p>\n","protected":false},"excerpt":{"rendered":"<p>L&#8217;esp\u00e8cie humana\u00a0est\u00e0\u00a0destrossant la vida de la\u00a0terra. L&#8217;aire en l&#8217;actualitat \u00e9s gratu\u00eft i ara com ara importa molt\u00a0poc, ja que\u00a0podem\u00a0respirar. Si\u00a0seguim amb la contaminaci\u00f3\u00a0arribar\u00e0\u00a0un dia que haurem de crear conduccions d&#8217;aire igual que les de gas,\u00a0perqu\u00e8 arribin a les nostres cases i poder recarregar els equips per a poder sortir als\u00a0carrers. Aix\u00f2\u00a0sembla ci\u00e8ncia-ficci\u00f3, per\u00f2\u00a0passar\u00e0. Referent\u00a0a l&#8217;aigua [&hellip;]<\/p>\n","protected":false},"author":2,"featured_media":5095,"comment_status":"open","ping_status":"open","sticky":false,"template":"","format":"standard","meta":{"footnotes":""},"categories":[139],"tags":[],"class_list":{"0":"post-5094","1":"post","2":"type-post","3":"status-publish","4":"format-standard","5":"has-post-thumbnail","7":"category-opinio"},"_links":{"self":[{"href":"https:\/\/www.areabesos.com\/diario\/wp-json\/wp\/v2\/posts\/5094","targetHints":{"allow":["GET"]}}],"collection":[{"href":"https:\/\/www.areabesos.com\/diario\/wp-json\/wp\/v2\/posts"}],"about":[{"href":"https:\/\/www.areabesos.com\/diario\/wp-json\/wp\/v2\/types\/post"}],"author":[{"embeddable":true,"href":"https:\/\/www.areabesos.com\/diario\/wp-json\/wp\/v2\/users\/2"}],"replies":[{"embeddable":true,"href":"https:\/\/www.areabesos.com\/diario\/wp-json\/wp\/v2\/comments?post=5094"}],"version-history":[{"count":1,"href":"https:\/\/www.areabesos.com\/diario\/wp-json\/wp\/v2\/posts\/5094\/revisions"}],"predecessor-version":[{"id":5096,"href":"https:\/\/www.areabesos.com\/diario\/wp-json\/wp\/v2\/posts\/5094\/revisions\/5096"}],"wp:featuredmedia":[{"embeddable":true,"href":"https:\/\/www.areabesos.com\/diario\/wp-json\/wp\/v2\/media\/5095"}],"wp:attachment":[{"href":"https:\/\/www.areabesos.com\/diario\/wp-json\/wp\/v2\/media?parent=5094"}],"wp:term":[{"taxonomy":"category","embeddable":true,"href":"https:\/\/www.areabesos.com\/diario\/wp-json\/wp\/v2\/categories?post=5094"},{"taxonomy":"post_tag","embeddable":true,"href":"https:\/\/www.areabesos.com\/diario\/wp-json\/wp\/v2\/tags?post=5094"}],"curies":[{"name":"wp","href":"https:\/\/api.w.org\/{rel}","templated":true}]}}