{"id":5089,"date":"2022-06-12T11:32:00","date_gmt":"2022-06-12T09:32:00","guid":{"rendered":"https:\/\/www.areabesos.com\/diario\/?p=5089"},"modified":"2022-06-14T11:33:44","modified_gmt":"2022-06-14T09:33:44","slug":"erc-sant-adria-reelegeix-en-ruben-arenas-com-a-cap-de-llista-a-les-municipals-del-2023","status":"publish","type":"post","link":"https:\/\/www.areabesos.com\/diario\/erc-sant-adria-reelegeix-en-ruben-arenas-com-a-cap-de-llista-a-les-municipals-del-2023\/","title":{"rendered":"ERC Sant Adri\u00e0 reelegeix en Rub\u00e8n Arenas com a cap de llista a les municipals del 2023"},"content":{"rendered":"\n<p>El passat divendres 10 de juny els militants i amics d\u2019ERC Sant Adri\u00e0 van celebrar l\u2019assemblea d\u2019elecci\u00f3 de cap de llista per a les eleccions municipals del proper any. Com a possible candidat es presentava en Rub\u00e8n Arenas i Garcia, qui ha estat candidat les dues anterior ocasions.<\/p>\n\n\n\n<p>En el seu discurs de presentaci\u00f3 Arenas va remarcar la feina feta durant els darrers anys, i com l\u2019esfor\u00e7 i treball de la secci\u00f3 local a Sant Adri\u00e0 s\u2019havia vist recompensat amb uns resultats m\u00e9s que bons a les passades eleccions, on van passar de 2 a 5 regidors, essent la segona for\u00e7a m\u00e9s votada de la ciutat. \u201c<em>Que ning\u00fa no posi en dubte la feina que fem, i que estem m\u00e9s que preparats per fer el seg\u00fcent pas, per\u00f2 per aix\u00f2 cal m\u00e9s confian\u00e7a i continuar fent feina. Hem arribat m\u00e9s lluny que mai i no tenim sostre<\/em>\u201d, deia el ja alcaldable.<\/p>\n\n\n\n<p>La cloenda va anar a c\u00e0rrec del diputat Gabriel Rufi\u00e1n, qui va remarcar la necessitat de guanyar en ciutats com Sant Adri\u00e0, i qui va expressar el seu suport pel candidat escollit. La jornada va finalitzar amb un sopar de germanor.<\/p>\n","protected":false},"excerpt":{"rendered":"<p>El passat divendres 10 de juny els militants i amics d\u2019ERC Sant Adri\u00e0 van celebrar l\u2019assemblea d\u2019elecci\u00f3 de cap de llista per a les eleccions municipals del proper any. Com a possible candidat es presentava en Rub\u00e8n Arenas i Garcia, qui ha estat candidat les dues anterior ocasions. En el seu discurs de presentaci\u00f3 Arenas [&hellip;]<\/p>\n","protected":false},"author":2,"featured_media":5090,"comment_status":"open","ping_status":"open","sticky":false,"template":"","format":"standard","meta":{"footnotes":""},"categories":[134],"tags":[],"class_list":{"0":"post-5089","1":"post","2":"type-post","3":"status-publish","4":"format-standard","5":"has-post-thumbnail","7":"category-actualitat"},"_links":{"self":[{"href":"https:\/\/www.areabesos.com\/diario\/wp-json\/wp\/v2\/posts\/5089","targetHints":{"allow":["GET"]}}],"collection":[{"href":"https:\/\/www.areabesos.com\/diario\/wp-json\/wp\/v2\/posts"}],"about":[{"href":"https:\/\/www.areabesos.com\/diario\/wp-json\/wp\/v2\/types\/post"}],"author":[{"embeddable":true,"href":"https:\/\/www.areabesos.com\/diario\/wp-json\/wp\/v2\/users\/2"}],"replies":[{"embeddable":true,"href":"https:\/\/www.areabesos.com\/diario\/wp-json\/wp\/v2\/comments?post=5089"}],"version-history":[{"count":1,"href":"https:\/\/www.areabesos.com\/diario\/wp-json\/wp\/v2\/posts\/5089\/revisions"}],"predecessor-version":[{"id":5091,"href":"https:\/\/www.areabesos.com\/diario\/wp-json\/wp\/v2\/posts\/5089\/revisions\/5091"}],"wp:featuredmedia":[{"embeddable":true,"href":"https:\/\/www.areabesos.com\/diario\/wp-json\/wp\/v2\/media\/5090"}],"wp:attachment":[{"href":"https:\/\/www.areabesos.com\/diario\/wp-json\/wp\/v2\/media?parent=5089"}],"wp:term":[{"taxonomy":"category","embeddable":true,"href":"https:\/\/www.areabesos.com\/diario\/wp-json\/wp\/v2\/categories?post=5089"},{"taxonomy":"post_tag","embeddable":true,"href":"https:\/\/www.areabesos.com\/diario\/wp-json\/wp\/v2\/tags?post=5089"}],"curies":[{"name":"wp","href":"https:\/\/api.w.org\/{rel}","templated":true}]}}