{"id":5054,"date":"2022-06-01T11:30:59","date_gmt":"2022-06-01T09:30:59","guid":{"rendered":"https:\/\/www.areabesos.com\/diario\/?p=5054"},"modified":"2022-06-01T11:31:00","modified_gmt":"2022-06-01T09:31:00","slug":"exposicio-del-fotoperiodista-adrianenc-sergi-reboredo-per-descobrir-les-consequencies-del-canvi-climatic","status":"publish","type":"post","link":"https:\/\/www.areabesos.com\/diario\/exposicio-del-fotoperiodista-adrianenc-sergi-reboredo-per-descobrir-les-consequencies-del-canvi-climatic\/","title":{"rendered":"Exposici\u00f3 del fotoperiodista adrianenc Sergi Reboredo per descobrir les conseq\u00fc\u00e8ncies del canvi clim\u00e0tic"},"content":{"rendered":"\n<p>Des d&#8217;avui, 1 de juny, i fins el dia 30, es podr\u00e0 visitar a la Sala Ambulatori del Casal Dalt de la Vila (Pla\u00e7a de l&#8217;Esgl\u00e9sia, 13) l&#8217;exposici\u00f3 \u00abPunt de no retorn\u00bb del fotoperiodista adrianenc Sergi Reboredo sobre les conseq\u00fc\u00e8ncies del canvi clim\u00e0tic. <\/p>\n\n\n\n<p>Aquesta exposici\u00f3 \u00e9s el resultat de m\u00e9s de 20 anys documentant en desenes de pa\u00efsos les conseq\u00fc\u00e8ncies del canvi clim\u00e0tic. Viatges realitzats per tots els continents que mostren que el canvi clim\u00e0tic \u00e9s una q\u00fcesti\u00f3 que ens afecta a totes les persones i, que si no fem res per posar-hi remei, acabarem amb la vida del planeta tal i com la coneixem avui dia.<\/p>\n\n\n\n<p>L&#8217;escalfament global, les sequeres i altres conseq\u00fc\u00e8ncies del canvi clim\u00e0tic, deixen sense recursos a milers de persones del Sud Global, provocant, a part de pobresa i vulneraci\u00f3 de drets humans, despla\u00e7aments i migracions, s\u00f3n les persones refugiades clim\u00e0tiques.<\/p>\n\n\n\n<p>Dem\u00e0 dijous, 2 de juny, a partir de les 18 hores, es dur\u00e0 a terme un col\u00b7loqui amb l&#8217;autor que explicar\u00e0 el seu treball.<\/p>\n","protected":false},"excerpt":{"rendered":"<p>Des d&#8217;avui, 1 de juny, i fins el dia 30, es podr\u00e0 visitar a la Sala Ambulatori del Casal Dalt de la Vila (Pla\u00e7a de l&#8217;Esgl\u00e9sia, 13) l&#8217;exposici\u00f3 \u00abPunt de no retorn\u00bb del fotoperiodista adrianenc Sergi Reboredo sobre les conseq\u00fc\u00e8ncies del canvi clim\u00e0tic. Aquesta exposici\u00f3 \u00e9s el resultat de m\u00e9s de 20 anys documentant en [&hellip;]<\/p>\n","protected":false},"author":2,"featured_media":5055,"comment_status":"open","ping_status":"open","sticky":false,"template":"","format":"standard","meta":{"footnotes":""},"categories":[134,135],"tags":[],"class_list":{"0":"post-5054","1":"post","2":"type-post","3":"status-publish","4":"format-standard","5":"has-post-thumbnail","7":"category-actualitat","8":"category-societat"},"_links":{"self":[{"href":"https:\/\/www.areabesos.com\/diario\/wp-json\/wp\/v2\/posts\/5054","targetHints":{"allow":["GET"]}}],"collection":[{"href":"https:\/\/www.areabesos.com\/diario\/wp-json\/wp\/v2\/posts"}],"about":[{"href":"https:\/\/www.areabesos.com\/diario\/wp-json\/wp\/v2\/types\/post"}],"author":[{"embeddable":true,"href":"https:\/\/www.areabesos.com\/diario\/wp-json\/wp\/v2\/users\/2"}],"replies":[{"embeddable":true,"href":"https:\/\/www.areabesos.com\/diario\/wp-json\/wp\/v2\/comments?post=5054"}],"version-history":[{"count":1,"href":"https:\/\/www.areabesos.com\/diario\/wp-json\/wp\/v2\/posts\/5054\/revisions"}],"predecessor-version":[{"id":5056,"href":"https:\/\/www.areabesos.com\/diario\/wp-json\/wp\/v2\/posts\/5054\/revisions\/5056"}],"wp:featuredmedia":[{"embeddable":true,"href":"https:\/\/www.areabesos.com\/diario\/wp-json\/wp\/v2\/media\/5055"}],"wp:attachment":[{"href":"https:\/\/www.areabesos.com\/diario\/wp-json\/wp\/v2\/media?parent=5054"}],"wp:term":[{"taxonomy":"category","embeddable":true,"href":"https:\/\/www.areabesos.com\/diario\/wp-json\/wp\/v2\/categories?post=5054"},{"taxonomy":"post_tag","embeddable":true,"href":"https:\/\/www.areabesos.com\/diario\/wp-json\/wp\/v2\/tags?post=5054"}],"curies":[{"name":"wp","href":"https:\/\/api.w.org\/{rel}","templated":true}]}}