{"id":5051,"date":"2022-05-31T22:40:00","date_gmt":"2022-05-31T20:40:00","guid":{"rendered":"https:\/\/www.areabesos.com\/diario\/?p=5051"},"modified":"2022-06-01T10:43:51","modified_gmt":"2022-06-01T08:43:51","slug":"un-cuartel-abandonado-y-la-sociedad-que-le-rodea","status":"publish","type":"post","link":"https:\/\/www.areabesos.com\/diario\/un-cuartel-abandonado-y-la-sociedad-que-le-rodea\/","title":{"rendered":"Un cuartel  abandonado y la sociedad que le rodea"},"content":{"rendered":"\n<p>Escuchado y le\u00eddo en los medios de Mallorca, hac\u00eda 20 a\u00f1os que el Govern Balear reclamaba que los 11.000 metros cuadrados que ocupa en Palma el viejo cuartel de Son Busquets se pudieran destinar a la construcci\u00f3n de viviendas. Parece que, por fin, se podr\u00e1n construir casi 900.<\/p>\n\n\n\n<p>\u00bfConoce usted alg\u00fan caso parecido en la Comunidad Aut\u00f3noma donde reside?<\/p>\n\n\n\n<p>Escuchado y le\u00eddo tambi\u00e9n estos d\u00edas en los mismos medios, los hoteleros no pueden contratar a todos los trabajadores que necesitan porque el coste de la vivienda es excesivo para los salarios convenidos. Todo el mundo sabe que el precio de la vivienda tambi\u00e9n se rige por la ley de la oferta y la demanda.<\/p>\n\n\n\n<p>Sin salir de la milicia, el 13 de febrero pasado le\u00ed en la misma prensa que \u201cdeber\u00eda ser obligatoria la asignatura de conocer el Ej\u00e9rcito\u201d. Lo dijo Fernando Garc\u00eda Bl\u00e1zquez en su \u00faltimo d\u00eda como comandante general de Baleares.<\/p>\n\n\n\n<p>Toda vez que en las aulas se tienen que ense\u00f1ar verdades, le preguntar\u00eda al general por donde quiere que comiencen las clases de \u201cconocer el Ej\u00e9rcito\u201d.<\/p>\n\n\n\n<p>\u00bfPor la actualidad, contando que durante a\u00f1os han preferido tener un solar vac\u00edo en lugar de ayudar con el art\u00edculo 47 de la Constituci\u00f3n?&nbsp;<\/p>\n\n\n\n<p>\u00bfO por un 18 de julio del siglo pasado, explicando que unos generales que no respetaron los resultados de las elecciones provocaron una guerra civil durante la que mataron mucho y tras cuya victoria restauraron la monarqu\u00eda?<\/p>\n\n\n\n<p>Por si el general Garc\u00eda Bl\u00e1zquez no habla habitualmente con estudiantes de 4\u00ba curso de ESO, y aunque el Gobierno no haya incluido a\u00fan en el programa educativo la asignatura \u201cconocer el Ej\u00e9rcito\u201d, le propondr\u00e9 que seleccione aleatoriamente a 20 alumnos de otros tantos institutos y le pregunte a cada uno si su profesor de Historia le ha explicado los periodos correspondientes a la de Espa\u00f1a desde los a\u00f1os 30 del siglo XX. Resulta que esas lecciones s\u00ed est\u00e1n incluidas en la legislaci\u00f3n vigente, pero me extra\u00f1ar\u00eda mucho que consiguiera m\u00e1s de 8 respuestas positivas. Aunque usted no sea militar, tambi\u00e9n puede hacer la encuesta.<\/p>\n\n\n\n<p>Quiz\u00e1s el general pensaba contar que el Ej\u00e9rcito, ahora, es como una ONG. Entonces, un alumno levantar\u00e1 la mano, dir\u00e1 que la misma solidaridad se puede conseguir con menos dinero del que cuestan las balas y el profesor se quedar\u00e1 sin palabras.<\/p>\n\n\n\n<p>Pero es probable que eso no le importe al general: en sus cuarteles los \u201calumnos\u201d nunca le llevaron la contraria.<\/p>\n\n\n\n<p>Art. 47 C.E.: \u201cTodos los espa\u00f1oles tienen derecho a disfrutar de una vivienda digna y adecuada\u201d.<\/p>\n\n\n\n<p><span style=\"background-color:#070000\" class=\"td_text_highlight_marker\">Domingo Sanz<\/span><\/p>\n","protected":false},"excerpt":{"rendered":"<p>Escuchado y le\u00eddo en los medios de Mallorca, hac\u00eda 20 a\u00f1os que el Govern Balear reclamaba que los 11.000 metros cuadrados que ocupa en Palma el viejo cuartel de Son Busquets se pudieran destinar a la construcci\u00f3n de viviendas. Parece que, por fin, se podr\u00e1n construir casi 900. \u00bfConoce usted alg\u00fan caso parecido en la [&hellip;]<\/p>\n","protected":false},"author":2,"featured_media":5052,"comment_status":"open","ping_status":"open","sticky":false,"template":"","format":"standard","meta":{"footnotes":""},"categories":[139],"tags":[],"class_list":{"0":"post-5051","1":"post","2":"type-post","3":"status-publish","4":"format-standard","5":"has-post-thumbnail","7":"category-opinio"},"_links":{"self":[{"href":"https:\/\/www.areabesos.com\/diario\/wp-json\/wp\/v2\/posts\/5051","targetHints":{"allow":["GET"]}}],"collection":[{"href":"https:\/\/www.areabesos.com\/diario\/wp-json\/wp\/v2\/posts"}],"about":[{"href":"https:\/\/www.areabesos.com\/diario\/wp-json\/wp\/v2\/types\/post"}],"author":[{"embeddable":true,"href":"https:\/\/www.areabesos.com\/diario\/wp-json\/wp\/v2\/users\/2"}],"replies":[{"embeddable":true,"href":"https:\/\/www.areabesos.com\/diario\/wp-json\/wp\/v2\/comments?post=5051"}],"version-history":[{"count":1,"href":"https:\/\/www.areabesos.com\/diario\/wp-json\/wp\/v2\/posts\/5051\/revisions"}],"predecessor-version":[{"id":5053,"href":"https:\/\/www.areabesos.com\/diario\/wp-json\/wp\/v2\/posts\/5051\/revisions\/5053"}],"wp:featuredmedia":[{"embeddable":true,"href":"https:\/\/www.areabesos.com\/diario\/wp-json\/wp\/v2\/media\/5052"}],"wp:attachment":[{"href":"https:\/\/www.areabesos.com\/diario\/wp-json\/wp\/v2\/media?parent=5051"}],"wp:term":[{"taxonomy":"category","embeddable":true,"href":"https:\/\/www.areabesos.com\/diario\/wp-json\/wp\/v2\/categories?post=5051"},{"taxonomy":"post_tag","embeddable":true,"href":"https:\/\/www.areabesos.com\/diario\/wp-json\/wp\/v2\/tags?post=5051"}],"curies":[{"name":"wp","href":"https:\/\/api.w.org\/{rel}","templated":true}]}}