{"id":5012,"date":"2022-05-13T13:05:07","date_gmt":"2022-05-13T11:05:07","guid":{"rendered":"https:\/\/www.areabesos.com\/diario\/?p=5012"},"modified":"2022-05-13T13:05:09","modified_gmt":"2022-05-13T11:05:09","slug":"no-con-troles-la-cancion","status":"publish","type":"post","link":"https:\/\/www.areabesos.com\/diario\/no-con-troles-la-cancion\/","title":{"rendered":"\u201cNo con troles\u201d,  la canci\u00f3n"},"content":{"rendered":"\n<p>Hay momentos optimistas en los que pienso que la sociedad es capaz de crear micro vacunas contra ese futuro de regreso al peor pasado que se intuye en unos peligrosos que, adem\u00e1s, piden que les votemos, dado que el entorno no ver\u00eda bien \u201cargumentos\u201d como los de aquel 18 de julio de tan infausto recuerdo.<\/p>\n\n\n\n<p>Siempre he conducido con la radio, pero no recuerdo haber escuchado tantas veces y en tan poco espacio de tiempo la canci\u00f3n que Flans lanz\u00f3 en 1985, cuando La Movida. Ser\u00e1 porque ahora tampoco estamos quietos, tengamos o no m\u00fasicas que hagan compa\u00f1\u00eda a ilusiones o recelos. Por ejemplo, en el mundo rancio, Marta S\u00e1nchez decidi\u00f3&nbsp;deletrear un himno.<\/p>\n\n\n\n<p>\u00bfQu\u00e9 les pasaba por la cabeza a los creadores de \u201cNo con troles\u201d? Quiz\u00e1s la alegr\u00eda de una sociedad en la que la gente, por fin, se pod\u00eda divorciar.<\/p>\n\n\n\n<p>Tampoco sabemos a ciencia cierta qu\u00e9 impulso mueve a quienes deciden emitir hoy aquella canci\u00f3n. Puede que las muchas veces que la escucho sin buscarla sean casualidades todas. O quiz\u00e1s se trata de una resistencia musical inconsciente contra el c\u00f3ctel ambiental de un acoso machista que no retrocede m\u00e1s la \u201cnovedad\u201d del espionaje que todo lo controla desde el m\u00f3vil. Yo tampoco s\u00e9 porque hay temporadas en las que me da por escuchar el \u201cClandestino\u201d de Manu Chao y en cambio, otras, el \u201cVenus\u201d de Shocking Blue.<\/p>\n\n\n\n<p>Y pocas cosas como la duda para alimentar los mejores sue\u00f1os. Es evidente que \u201cNo con troles\u201d nunca ser\u00e1 la \u201cGr\u00e2ndola Vila Morena\u201d que fue santo y se\u00f1a para colocar flores en las puntas de unos fusiles que abrieron las puertas de la democracia en Portugal, tan cerca de Espa\u00f1a y a tantas v\u00edctimas de distancia. Pero aqu\u00ed estamos acostumbrados a morir violentamente.<\/p>\n\n\n\n<p>Viva la risa, pues creo que en Espa\u00f1a no ser\u00e1 una canci\u00f3n sino un chiste triunfador lo \u00fanico que podr\u00eda convocarnos a limpiar un Estado con tanta porquer\u00eda que, del juicio a uno de sus dos inviolables se tiene que encargar el mismo pa\u00eds que invent\u00f3 los temporales para convertir en vencible la Armada que un tal Felipe II, y vamos por el VI, les envi\u00f3 con \u00e1nimo de destronar a su reina y conquistarlo.&nbsp;<\/p>\n\n\n\n<p>Saharauis, hasta nunca. \u00bfGibraltare\u00f1os, nos dej\u00e1is pasar?<\/p>\n\n\n\n<p><span style=\"background-color:#0b0000\" class=\"td_text_highlight_marker\">Domingo Sanz<\/span><\/p>\n","protected":false},"excerpt":{"rendered":"<p>Hay momentos optimistas en los que pienso que la sociedad es capaz de crear micro vacunas contra ese futuro de regreso al peor pasado que se intuye en unos peligrosos que, adem\u00e1s, piden que les votemos, dado que el entorno no ver\u00eda bien \u201cargumentos\u201d como los de aquel 18 de julio de tan infausto recuerdo. [&hellip;]<\/p>\n","protected":false},"author":2,"featured_media":4635,"comment_status":"open","ping_status":"open","sticky":false,"template":"","format":"standard","meta":{"footnotes":""},"categories":[139],"tags":[],"class_list":{"0":"post-5012","1":"post","2":"type-post","3":"status-publish","4":"format-standard","5":"has-post-thumbnail","7":"category-opinio"},"_links":{"self":[{"href":"https:\/\/www.areabesos.com\/diario\/wp-json\/wp\/v2\/posts\/5012","targetHints":{"allow":["GET"]}}],"collection":[{"href":"https:\/\/www.areabesos.com\/diario\/wp-json\/wp\/v2\/posts"}],"about":[{"href":"https:\/\/www.areabesos.com\/diario\/wp-json\/wp\/v2\/types\/post"}],"author":[{"embeddable":true,"href":"https:\/\/www.areabesos.com\/diario\/wp-json\/wp\/v2\/users\/2"}],"replies":[{"embeddable":true,"href":"https:\/\/www.areabesos.com\/diario\/wp-json\/wp\/v2\/comments?post=5012"}],"version-history":[{"count":1,"href":"https:\/\/www.areabesos.com\/diario\/wp-json\/wp\/v2\/posts\/5012\/revisions"}],"predecessor-version":[{"id":5013,"href":"https:\/\/www.areabesos.com\/diario\/wp-json\/wp\/v2\/posts\/5012\/revisions\/5013"}],"wp:featuredmedia":[{"embeddable":true,"href":"https:\/\/www.areabesos.com\/diario\/wp-json\/wp\/v2\/media\/4635"}],"wp:attachment":[{"href":"https:\/\/www.areabesos.com\/diario\/wp-json\/wp\/v2\/media?parent=5012"}],"wp:term":[{"taxonomy":"category","embeddable":true,"href":"https:\/\/www.areabesos.com\/diario\/wp-json\/wp\/v2\/categories?post=5012"},{"taxonomy":"post_tag","embeddable":true,"href":"https:\/\/www.areabesos.com\/diario\/wp-json\/wp\/v2\/tags?post=5012"}],"curies":[{"name":"wp","href":"https:\/\/api.w.org\/{rel}","templated":true}]}}