{"id":5009,"date":"2022-05-11T10:42:00","date_gmt":"2022-05-11T08:42:00","guid":{"rendered":"https:\/\/www.areabesos.com\/diario\/?p=5009"},"modified":"2022-05-13T10:43:48","modified_gmt":"2022-05-13T08:43:48","slug":"erc-sant-adria-proposa-un-model-de-seguretat-basat-en-els-valors-republicans-de-la-ma-del-conseller-dinterior","status":"publish","type":"post","link":"https:\/\/www.areabesos.com\/diario\/erc-sant-adria-proposa-un-model-de-seguretat-basat-en-els-valors-republicans-de-la-ma-del-conseller-dinterior\/","title":{"rendered":"ERC Sant Adri\u00e0\u00a0 proposa un model de seguretat basat en els valors republicans de la m\u00e0 del Conseller d\u2019Interior"},"content":{"rendered":"\n<p>El passat dimarts 10 de maig, ERC Sant Adri\u00e0 va realitzar un acte al Centre Republic\u00e0 Adrianenc per a presentar el seu model de seguretat basat en valors republicans com la proximitat, el ciutad\u00e0 al centre de tot i la prevenci\u00f3, un model diferenciat del que proposa l\u2019actual equip de govern a l\u2019Ajuntament.<\/p>\n\n\n\n<p>L\u2019acte el va iniciar el regidor i portaveu del grup municipal d\u2019Esquerra Republicana, Rub\u00e8n Arenas, donant la benvinguda als i les assistents amb un discurs sobre la necessitat de fer canvis al municipi. <em>\u201cSant Adri\u00e0 \u00e9s una ciutat en decad\u00e8ncia, i hem vingut per posar il\u00b7lusi\u00f3, esfor\u00e7 i totes les ganes per a canviar-ho i fer que les coses passin\u201d, <\/em>deia el portaveu.<\/p>\n\n\n\n<p>El segon ponent de l\u2019acte, el regidor republic\u00e0 Antoni V\u00e8lez, va parlar sobre la proposta de model de seguretat republicana. \u201c<em>Volem fer les coses de forma transversal. Les esquerres tamb\u00e9 hem de reivindicar l\u2019ordre, per\u00f2 posant al ciutad\u00e0 al centre, i prenent la prevenci\u00f3 com eix central per garantir la seguretat\u201d, <\/em>va dir. El regidor va resumir la proposta en quatre termes: <em>proximitat, fiscalitzaci\u00f3, prevenci\u00f3 i dignificaci<\/em>\u00f3.<\/p>\n\n\n\n<p>Seguint aquesta mateixa l\u00ednia de discurs, el Conseller d\u2019Interior, Joan Ignasi Elena, va parlar dels tres principis b\u00e0sics en mat\u00e8ria de seguretat i aplicables a tots els \u00e0mbits d\u2019acci\u00f3 pol\u00edtica: <em>proximitat, coordinaci\u00f3 i recursos. <\/em>En paraules del Conseller, \u201c<em>cal saber qu\u00e8 passa per a trobar solucions als problemes, coordinar-se amb totes les administracions per assolir un mateix objectiu, i posar els recursos que calguin i que hi hagi\u201d.<\/em><\/p>\n\n\n\n<p>El Conseller va declinar entrar a la confrontaci\u00f3 amb \u201c<em>aquelles que fan coses histri\u00f2niques per cridar l\u2019atenci\u00f3<\/em>\u201d i va assegurar que a la Generalitat totes les administracions hi trobaran <strong>la lleialtat institucional<\/strong> que correspon defensant cadasc\u00fa, aix\u00f2 si, les seves posicions pol\u00edtiques.<\/p>\n\n\n\n<p>L\u2019acte va finalitzar amb un torn de preguntes, on els ciutadans tamb\u00e9 van poder expressar les seves inquietuds respecte al tema.<\/p>\n","protected":false},"excerpt":{"rendered":"<p>El passat dimarts 10 de maig, ERC Sant Adri\u00e0 va realitzar un acte al Centre Republic\u00e0 Adrianenc per a presentar el seu model de seguretat basat en valors republicans com la proximitat, el ciutad\u00e0 al centre de tot i la prevenci\u00f3, un model diferenciat del que proposa l\u2019actual equip de govern a l\u2019Ajuntament. L\u2019acte el [&hellip;]<\/p>\n","protected":false},"author":2,"featured_media":5010,"comment_status":"open","ping_status":"open","sticky":false,"template":"","format":"standard","meta":{"footnotes":""},"categories":[134],"tags":[],"class_list":{"0":"post-5009","1":"post","2":"type-post","3":"status-publish","4":"format-standard","5":"has-post-thumbnail","7":"category-actualitat"},"_links":{"self":[{"href":"https:\/\/www.areabesos.com\/diario\/wp-json\/wp\/v2\/posts\/5009","targetHints":{"allow":["GET"]}}],"collection":[{"href":"https:\/\/www.areabesos.com\/diario\/wp-json\/wp\/v2\/posts"}],"about":[{"href":"https:\/\/www.areabesos.com\/diario\/wp-json\/wp\/v2\/types\/post"}],"author":[{"embeddable":true,"href":"https:\/\/www.areabesos.com\/diario\/wp-json\/wp\/v2\/users\/2"}],"replies":[{"embeddable":true,"href":"https:\/\/www.areabesos.com\/diario\/wp-json\/wp\/v2\/comments?post=5009"}],"version-history":[{"count":1,"href":"https:\/\/www.areabesos.com\/diario\/wp-json\/wp\/v2\/posts\/5009\/revisions"}],"predecessor-version":[{"id":5011,"href":"https:\/\/www.areabesos.com\/diario\/wp-json\/wp\/v2\/posts\/5009\/revisions\/5011"}],"wp:featuredmedia":[{"embeddable":true,"href":"https:\/\/www.areabesos.com\/diario\/wp-json\/wp\/v2\/media\/5010"}],"wp:attachment":[{"href":"https:\/\/www.areabesos.com\/diario\/wp-json\/wp\/v2\/media?parent=5009"}],"wp:term":[{"taxonomy":"category","embeddable":true,"href":"https:\/\/www.areabesos.com\/diario\/wp-json\/wp\/v2\/categories?post=5009"},{"taxonomy":"post_tag","embeddable":true,"href":"https:\/\/www.areabesos.com\/diario\/wp-json\/wp\/v2\/tags?post=5009"}],"curies":[{"name":"wp","href":"https:\/\/api.w.org\/{rel}","templated":true}]}}