{"id":5003,"date":"2022-05-12T12:31:39","date_gmt":"2022-05-12T10:31:39","guid":{"rendered":"https:\/\/www.areabesos.com\/diario\/?p=5003"},"modified":"2022-05-12T12:31:40","modified_gmt":"2022-05-12T10:31:40","slug":"una-exposicio-sobre-el-kilimanjaro-a-lagrupacio-fotografica","status":"publish","type":"post","link":"https:\/\/www.areabesos.com\/diario\/una-exposicio-sobre-el-kilimanjaro-a-lagrupacio-fotografica\/","title":{"rendered":"Una exposici\u00f3 sobre el Kilimanjaro a l&#8217;Agrupaci\u00f3 Fotogr\u00e0fica"},"content":{"rendered":"\n<p>El Kilimanjaro \u00e9s el sostre d&#8217;\u00c0frica, el punt m\u00e9s alt del continent que el 2011 va visitar Salvador Llos Candal. La seva experi\u00e8ncia durant 24 dies d&#8217;expedici\u00f3, acompanyat per 4 persones, 12 portadors, 2 guies de muntanya, 2 cuiners i un ranger la recull en una mostra fotogr\u00e0fica que es podr\u00e0 veure des d&#8217;avui fins el 2 de juny a l&#8217;Agrupaci\u00f3 Fotogr\u00e0fica Sant Adri\u00e0 (c. Dr. Barraquer, 6, baixos). \u00abNo s\u00e9 ben b\u00e9 qu\u00e8 m&#8217;aporta la fotografia, per\u00f2 a mi em t\u00e9 enganxat. Crec que les fotos s\u00f3n moments congelats. Sempre estaran all\u00e0\u00bb, explica Salvador.   <\/p>\n\n\n\n<p>La mostra \u00abKilimanjaro, el sostre d&#8217;\u00c0frica\u00bb es podr\u00e0 visitar de dilluns a dijous, de 18.30 a 20.30 hores. <\/p>\n","protected":false},"excerpt":{"rendered":"<p>El Kilimanjaro \u00e9s el sostre d&#8217;\u00c0frica, el punt m\u00e9s alt del continent que el 2011 va visitar Salvador Llos Candal. La seva experi\u00e8ncia durant 24 dies d&#8217;expedici\u00f3, acompanyat per 4 persones, 12 portadors, 2 guies de muntanya, 2 cuiners i un ranger la recull en una mostra fotogr\u00e0fica que es podr\u00e0 veure des d&#8217;avui fins [&hellip;]<\/p>\n","protected":false},"author":1,"featured_media":5004,"comment_status":"open","ping_status":"open","sticky":false,"template":"","format":"standard","meta":{"footnotes":""},"categories":[136],"tags":[],"class_list":{"0":"post-5003","1":"post","2":"type-post","3":"status-publish","4":"format-standard","5":"has-post-thumbnail","7":"category-cultura"},"_links":{"self":[{"href":"https:\/\/www.areabesos.com\/diario\/wp-json\/wp\/v2\/posts\/5003","targetHints":{"allow":["GET"]}}],"collection":[{"href":"https:\/\/www.areabesos.com\/diario\/wp-json\/wp\/v2\/posts"}],"about":[{"href":"https:\/\/www.areabesos.com\/diario\/wp-json\/wp\/v2\/types\/post"}],"author":[{"embeddable":true,"href":"https:\/\/www.areabesos.com\/diario\/wp-json\/wp\/v2\/users\/1"}],"replies":[{"embeddable":true,"href":"https:\/\/www.areabesos.com\/diario\/wp-json\/wp\/v2\/comments?post=5003"}],"version-history":[{"count":1,"href":"https:\/\/www.areabesos.com\/diario\/wp-json\/wp\/v2\/posts\/5003\/revisions"}],"predecessor-version":[{"id":5005,"href":"https:\/\/www.areabesos.com\/diario\/wp-json\/wp\/v2\/posts\/5003\/revisions\/5005"}],"wp:featuredmedia":[{"embeddable":true,"href":"https:\/\/www.areabesos.com\/diario\/wp-json\/wp\/v2\/media\/5004"}],"wp:attachment":[{"href":"https:\/\/www.areabesos.com\/diario\/wp-json\/wp\/v2\/media?parent=5003"}],"wp:term":[{"taxonomy":"category","embeddable":true,"href":"https:\/\/www.areabesos.com\/diario\/wp-json\/wp\/v2\/categories?post=5003"},{"taxonomy":"post_tag","embeddable":true,"href":"https:\/\/www.areabesos.com\/diario\/wp-json\/wp\/v2\/tags?post=5003"}],"curies":[{"name":"wp","href":"https:\/\/api.w.org\/{rel}","templated":true}]}}