{"id":5000,"date":"2022-05-11T13:10:44","date_gmt":"2022-05-11T11:10:44","guid":{"rendered":"https:\/\/www.areabesos.com\/diario\/?p=5000"},"modified":"2022-05-11T13:10:46","modified_gmt":"2022-05-11T11:10:46","slug":"la-cursa-popular-per-lela-2022-es-presenta-en-societat","status":"publish","type":"post","link":"https:\/\/www.areabesos.com\/diario\/la-cursa-popular-per-lela-2022-es-presenta-en-societat\/","title":{"rendered":"La Cursa Popular per l\u2019ELA 2022 es presenta en societat"},"content":{"rendered":"\n<p>El proper diumenge, 22 de maig, es correr\u00e0 la cinquena edici\u00f3 de la Cursa Popular per l\u2019ELA de Sant Adri\u00e0 de Bes\u00f2s, que s\u2019ha presentat avui en societat al remodelat Casal Dalt de la Vila. A l\u2019acte de presentaci\u00f3 estava prevista l\u2019assist\u00e8ncia de Juan Carlos Unzu\u00e9, que finalment no ha pogut ser-hi per no trobar-se b\u00e9 (tot i que ha assegurat que intentar\u00e0 ser-hi el dia de la cursa). Qui s\u00ed ha estat present ha sigut Jordi Sabat\u00e9 Pons, youtuber i coach que va impulsar una recollida de signatures per portar al Congreso de los Diputados les dificultats que els malalts d\u2019ELA tenen per poder afrontar les alt\u00edssimes despeses que comporta aquest malaltia incurable i que va portar a l\u2019aprovaci\u00f3 d\u2019una llei per ajudar els afectats i les seves fam\u00edlies. Ell ha explicat el seu cas: quatre infermeres que els cuiden les 24 hores del dia, 6.000 euros al mes en n\u00f2mines que pot pagar gr\u00e0cies a l\u2019ajuda econ\u00f2mica de cinc familiars. Tamb\u00e9 ha parlat de la seva opini\u00f3 sobre la inversi\u00f3 p\u00fablica en investigaci\u00f3 per l\u2019ELA, que ha calificat de propina, i la deixadesa dels poders p\u00fablics de cara als malalts de \u201ccrimen d\u2019estat\u201d.<\/p>\n\n\n\n<p>A part del Jordi Sabat\u00e9, l\u2019acte ha estat presidit per l\u2019alcaldessa de Sant Adri\u00e0, Filo Ca\u00f1ete, Clara, la filla d\u2019Isabel Rojas, una de les impulsores de la cursa, malalta d\u2019ELA i gran referent que ens va deixar el 2017, representats de la Fundaci\u00f3 Miquel Valls i Jos\u00e9 Luis Blanco, president del Club La Sansi, encarregat de l\u2019organitzaci\u00f3 de la cursa. Tamb\u00e9 han estat presents altres regidors del consistori adrianenc, com Hugo Ferrer, Ruth Soto i Isabel Marcuello, qui va tenir un paper molt important en la creaci\u00f3 de la cursa fa vuit anys. L\u2019alcaldessa ha destacat la vessant social de la cursa, mentre que la Clara ha afirmat sentir-se molt emocionada perqu\u00e8 la cursa torn\u00e9s a disputar-se tres anys despr\u00e9s per la pand\u00e8mia i perqu\u00e8 aix\u00f2 significa un gran impuls per la investigaci\u00f3 i la visibilitat de l\u2019ELA.<\/p>\n\n\n\n<p>La cinquena edici\u00f3 de la Cursa per l\u2019ELA tindr\u00e0 lloc el diumenge 22 de maig i les inscripcions romandran obertes fins el 18 de maig al web de la cursa (<a href=\"https:\/\/www.lasansi.com\/ca\/sant-adria-de-besos\">Cursa popular de San Adri\u00e0 per l&#8217;ELA &#8211; La Sansi<\/a>). Enguany el l\u00edmit d\u2019inscripcions ser\u00e0 de 1.500 persones, i a data d\u2019avui ja en s\u00f3n 400. Aquesta cinquena edici\u00f3 t\u00e9 com a novetats l\u2019organitzaci\u00f3 d\u2019una cursa adaptada i una cursa infantil, a m\u00e9s de la tradicional cursa popular de 5 km i la caminada de 3 km. La cursa de 5 km. comen\u00e7ar\u00e0 a les 9.30 hores, i la resta d\u2019activitats a les 10.30 hores a la pla\u00e7a de la Vila, just davant de l\u2019edifici del consistori. La recollida de dorsals ser\u00e0 el dissabte, 21 de maig, d\u201911 a 13 hores al Decathlon de Diagonal Mar, o de 7 a 8.30 hores al Poliesportiu Ricart. &nbsp;<\/p>\n\n\n\n<p>La Cursa popular per l\u2019ELA de Sant Adri\u00e0 de Bes\u00f2s t\u00e9 una finalitat solid\u00e0ria i, per aix\u00f2, part de la recaptaci\u00f3 de les inscripcions anir\u00e0 destinada a la Fundaci\u00f3 Miquel Valls i a la RedELA. A les quatre edicions anteriors es van lliurar m\u00e9s de 13.000 \u20ac a aquestes dues entitats destinats a la recerca de l\u2019Esclerosi Lateral Amiotr\u00f2fica (ELA) i a millorar la qualitat de vida de les persones afectades per la malaltia i de les seves fam\u00edlies.<\/p>\n","protected":false},"excerpt":{"rendered":"<p>El proper diumenge, 22 de maig, es correr\u00e0 la cinquena edici\u00f3 de la Cursa Popular per l\u2019ELA de Sant Adri\u00e0 de Bes\u00f2s, que s\u2019ha presentat avui en societat al remodelat Casal Dalt de la Vila. A l\u2019acte de presentaci\u00f3 estava prevista l\u2019assist\u00e8ncia de Juan Carlos Unzu\u00e9, que finalment no ha pogut ser-hi per no trobar-se [&hellip;]<\/p>\n","protected":false},"author":2,"featured_media":5001,"comment_status":"open","ping_status":"open","sticky":false,"template":"","format":"standard","meta":{"footnotes":""},"categories":[134,137],"tags":[],"class_list":{"0":"post-5000","1":"post","2":"type-post","3":"status-publish","4":"format-standard","5":"has-post-thumbnail","7":"category-actualitat","8":"category-esports"},"_links":{"self":[{"href":"https:\/\/www.areabesos.com\/diario\/wp-json\/wp\/v2\/posts\/5000","targetHints":{"allow":["GET"]}}],"collection":[{"href":"https:\/\/www.areabesos.com\/diario\/wp-json\/wp\/v2\/posts"}],"about":[{"href":"https:\/\/www.areabesos.com\/diario\/wp-json\/wp\/v2\/types\/post"}],"author":[{"embeddable":true,"href":"https:\/\/www.areabesos.com\/diario\/wp-json\/wp\/v2\/users\/2"}],"replies":[{"embeddable":true,"href":"https:\/\/www.areabesos.com\/diario\/wp-json\/wp\/v2\/comments?post=5000"}],"version-history":[{"count":1,"href":"https:\/\/www.areabesos.com\/diario\/wp-json\/wp\/v2\/posts\/5000\/revisions"}],"predecessor-version":[{"id":5002,"href":"https:\/\/www.areabesos.com\/diario\/wp-json\/wp\/v2\/posts\/5000\/revisions\/5002"}],"wp:featuredmedia":[{"embeddable":true,"href":"https:\/\/www.areabesos.com\/diario\/wp-json\/wp\/v2\/media\/5001"}],"wp:attachment":[{"href":"https:\/\/www.areabesos.com\/diario\/wp-json\/wp\/v2\/media?parent=5000"}],"wp:term":[{"taxonomy":"category","embeddable":true,"href":"https:\/\/www.areabesos.com\/diario\/wp-json\/wp\/v2\/categories?post=5000"},{"taxonomy":"post_tag","embeddable":true,"href":"https:\/\/www.areabesos.com\/diario\/wp-json\/wp\/v2\/tags?post=5000"}],"curies":[{"name":"wp","href":"https:\/\/api.w.org\/{rel}","templated":true}]}}