{"id":4813,"date":"2022-03-16T11:12:28","date_gmt":"2022-03-16T10:12:28","guid":{"rendered":"http:\/\/www.areabesos.com\/diario\/?p=4813"},"modified":"2022-03-16T11:12:29","modified_gmt":"2022-03-16T10:12:29","slug":"25-anys-de-jornades-solidaries-a-sant-adria","status":"publish","type":"post","link":"https:\/\/www.areabesos.com\/diario\/25-anys-de-jornades-solidaries-a-sant-adria\/","title":{"rendered":"25 anys de Jornades Solid\u00e0ries a Sant Adri\u00e0"},"content":{"rendered":"\n<p>Les Jornades Solid\u00e0ries celebren el seu 25<sup>\u00e8<\/sup> aniversari sensibilitzant i fent reflexionar la poblaci\u00f3 adrianenca sobre la import\u00e0ncia de la solidaritat i la cooperaci\u00f3 i treballant per assolir una societat m\u00e9s justa i un m\u00f3n millor.<\/p>\n\n\n\n<p>En el context actual, malauradament amb el conflicte d\u2019Ucra\u00efna com a protagonista, Jornades com aquestes s\u00f3n encara m\u00e9s necess\u00e0ries. Enguany, per commemorar aquests 25 anys es faran activitats durant tot el 2022, aquest mes de mar\u00e7 podeu gaudir de les propostes seg\u00fcents:<\/p>\n\n\n\n<ul class=\"wp-block-list\"><li><strong>Exposici\u00f3: \u00abTransformar el m\u00f3n. Els Objectius del Desenvolupament Sostenible (ODS)\u00bb<\/strong><\/li><\/ul>\n\n\n\n<p>&nbsp;&nbsp;&nbsp;&nbsp;&nbsp;&nbsp;&nbsp;&nbsp;&nbsp;&nbsp; <strong>Fins al 31 de mar\u00e7<\/strong>, a l\u2019Espai Cultural Font de la Mina<\/p>\n\n\n\n<p>\u00a0\u00a0\u00a0\u00a0\u00a0\u00a0\u00a0\u00a0\u00a0 Els Objectius de Desenvolupament Sostenible (ODS) configuren una agenda inclusiva que aborda les causes fonamentals de la pobresa i aglutinen esfor\u00e7os per \u00a0\u00a0\u00a0 aconseguir un canvi positiu en benefici de les persones i el planeta. Assolir aquest \u00a0\u00a0\u00a0\u00a0\u00a0\u00a0\u00a0\u00a0 objectiu requereix \u00a0 la col\u00b7laboraci\u00f3 dels governs, el sector privat, la societat civil i els \u00a0\u00a0\u00a0 ciutadans i ciutadanes en igual mesura.<\/p>\n\n\n\n<ul class=\"wp-block-list\"><li><strong>Exposici\u00f3: \u00abL\u2019altre Frontera\u00bb<\/strong>, amb fotografies de Marc Suny\u00e9 i la col\u00b7laboraci\u00f3 de Mas Retina Photo<\/li><\/ul>\n\n\n\n<p>&nbsp;&nbsp;&nbsp;&nbsp;&nbsp;&nbsp;&nbsp;&nbsp;&nbsp;&nbsp; <strong>Fins al 31 de mar\u00e7<\/strong>, al Mercat Municipal<\/p>\n\n\n\n<p>\u00a0\u00a0\u00a0\u00a0\u00a0\u00a0\u00a0\u00a0\u00a0 Aquesta exposici\u00f3 mostra les dificultats i impediments que han de superar les \u00a0\u00a0\u00a0\u00a0\u00a0\u00a0\u00a0\u00a0\u00a0 persones migrants, persones refugiades, que volen arribar a Europa buscant un futur millor.<\/p>\n\n\n\n<ul class=\"wp-block-list\"><li><strong>Exposici\u00f3 de cartells: \u00ab25 anys de Jornades Solid\u00e0ries a Sant Adri\u00e0\u00bb<\/strong><\/li><\/ul>\n\n\n\n<p>&nbsp;&nbsp;&nbsp;&nbsp;&nbsp;&nbsp;&nbsp;&nbsp;&nbsp;&nbsp; <strong>Del 18 al 31 de mar\u00e7 <\/strong>a la sala d\u2019exposicions de la Biblioteca Sant Adri\u00e0<\/p>\n\n\n\n<ul class=\"wp-block-list\"><li><strong>Fira d\u2019entitats de solidaritat i cooperaci\u00f3: La Solidaritat surt al carrer<\/strong><\/li><\/ul>\n\n\n\n<p><strong>&nbsp;&nbsp;&nbsp;&nbsp;&nbsp;&nbsp;&nbsp;&nbsp;&nbsp; Dissabte 26 de mar\u00e7, <\/strong>de 11 a 14h a la pla\u00e7a del Mercat<\/p>\n\n\n\n<p>\u00a0\u00a0\u00a0\u00a0\u00a0\u00a0\u00a0\u00a0\u00a0 Els grups de solidaritat i cooperaci\u00f3 de la nostra ciutat explicaran els projectes de cooperaci\u00f3 internacional que duen a terme als diferents pa\u00efsos on col\u00b7laboren. Tamb\u00e9 \u00a0\u00a0\u00a0\u00a0\u00a0\u00a0\u00a0\u00a0 hi participaran altres entitats i associacions ve\u00efnes de solidaritat i cooperaci\u00f3.<\/p>\n\n\n\n<p>\u00a0\u00a0\u00a0\u00a0\u00a0\u00a0\u00a0\u00a0\u00a0 En el marc de la Fira hi haur\u00e0 a les 11 h la xocolatada de comer\u00e7 just i a les 12.30 h un espectacle familiar amb Bufan\u00favols<\/p>\n","protected":false},"excerpt":{"rendered":"<p>Les Jornades Solid\u00e0ries celebren el seu 25\u00e8 aniversari sensibilitzant i fent reflexionar la poblaci\u00f3 adrianenca sobre la import\u00e0ncia de la solidaritat i la cooperaci\u00f3 i treballant per assolir una societat m\u00e9s justa i un m\u00f3n millor. En el context actual, malauradament amb el conflicte d\u2019Ucra\u00efna com a protagonista, Jornades com aquestes s\u00f3n encara m\u00e9s necess\u00e0ries. [&hellip;]<\/p>\n","protected":false},"author":2,"featured_media":4814,"comment_status":"open","ping_status":"open","sticky":false,"template":"","format":"standard","meta":{"footnotes":""},"categories":[134,135],"tags":[],"class_list":{"0":"post-4813","1":"post","2":"type-post","3":"status-publish","4":"format-standard","5":"has-post-thumbnail","7":"category-actualitat","8":"category-societat"},"_links":{"self":[{"href":"https:\/\/www.areabesos.com\/diario\/wp-json\/wp\/v2\/posts\/4813","targetHints":{"allow":["GET"]}}],"collection":[{"href":"https:\/\/www.areabesos.com\/diario\/wp-json\/wp\/v2\/posts"}],"about":[{"href":"https:\/\/www.areabesos.com\/diario\/wp-json\/wp\/v2\/types\/post"}],"author":[{"embeddable":true,"href":"https:\/\/www.areabesos.com\/diario\/wp-json\/wp\/v2\/users\/2"}],"replies":[{"embeddable":true,"href":"https:\/\/www.areabesos.com\/diario\/wp-json\/wp\/v2\/comments?post=4813"}],"version-history":[{"count":1,"href":"https:\/\/www.areabesos.com\/diario\/wp-json\/wp\/v2\/posts\/4813\/revisions"}],"predecessor-version":[{"id":4815,"href":"https:\/\/www.areabesos.com\/diario\/wp-json\/wp\/v2\/posts\/4813\/revisions\/4815"}],"wp:featuredmedia":[{"embeddable":true,"href":"https:\/\/www.areabesos.com\/diario\/wp-json\/wp\/v2\/media\/4814"}],"wp:attachment":[{"href":"https:\/\/www.areabesos.com\/diario\/wp-json\/wp\/v2\/media?parent=4813"}],"wp:term":[{"taxonomy":"category","embeddable":true,"href":"https:\/\/www.areabesos.com\/diario\/wp-json\/wp\/v2\/categories?post=4813"},{"taxonomy":"post_tag","embeddable":true,"href":"https:\/\/www.areabesos.com\/diario\/wp-json\/wp\/v2\/tags?post=4813"}],"curies":[{"name":"wp","href":"https:\/\/api.w.org\/{rel}","templated":true}]}}