{"id":4802,"date":"2022-03-13T13:08:00","date_gmt":"2022-03-13T12:08:00","guid":{"rendered":"http:\/\/www.areabesos.com\/diario\/?p=4802"},"modified":"2022-03-14T13:25:35","modified_gmt":"2022-03-14T12:25:35","slug":"pedro-sanchez-dice-franco-y-acierta","status":"publish","type":"post","link":"https:\/\/www.areabesos.com\/diario\/pedro-sanchez-dice-franco-y-acierta\/","title":{"rendered":"Pedro S\u00e1nchez  dice \u201cFranco\u201d y acierta"},"content":{"rendered":"\n<p>Ayer, 12 de marzo, escrib\u00ed \u201cS\u00e1nchez dice Franco\u201d en el buscador de Internet y todas las noticias que aparec\u00edan en la primera pantalla se refer\u00edan a a\u00f1os anteriores y versaban sobre la exhumaci\u00f3n de los restos del dictador en el que siempre ser\u00e1 su Valle de los Ca\u00eddos, pues los que pretenden resignificaciones, por mucho que lo intenten, nunca consiguen cambiar las verdades.<\/p>\n\n\n\n<p>Acto seguido escrib\u00ed \u201cS\u00e1nchez ultraderecha Franco\u201d y las noticias de la primera pantalla correspondieron entonces a antes de ayer y estaban relacionadas con el acuerdo entre Vox y PP para formar gobierno en Castilla y Le\u00f3n.&nbsp;<\/p>\n\n\n\n<p>La primera era de L. Digital, la de J. Losantos, y se titulaba \u201cS\u00e1nchez se declara \u2018triste\u2019 por el pacto de Ma\u00f1ueco y cita a Franco para atacar a Vox\u201d, de donde deduje que, mientras mucha prensa pol\u00edticamente correcta decidi\u00f3 no destacar el \u201cFranco\u201d pronunciado por el presidente, a uno de los provocadores medi\u00e1ticos m\u00e1s multados por abusar del insulto le interes\u00f3 transmitir que la palabra \u201cFranco\u201d constituye un elemento diferenciador en los \u201cataques\u201d que los pol\u00edticos espa\u00f1oles se regalan cada d\u00eda para que sigamos atentos a un teatro que, quiz\u00e1s, est\u00e1 finalizando la funci\u00f3n que comenz\u00f3 hace m\u00e1s de 40 a\u00f1os.<\/p>\n\n\n\n<p>Esto de decir \u201cFranco\u201d para \u201catacar\u201d a un partido como Vox me recuerda la conveniencia de llamar a las cosas por su nombre, y que el que elijamos defina de manera precisa aquello de lo que estamos hablando. Por ejemplo, si advertimos a alguien que tiene una avispa en el cuello no le decimos \u201ctienes un insecto en el cuello\u201d, aunque sea verdad, sino \u201ctienes una avispa en el cuello\u201d, y reaccionar\u00e1 con m\u00e1s conocimiento de causa para evitar la picadura.<\/p>\n\n\n\n<p>Hasta lo de S\u00e1nchez diciendo Franco de nuevo, desde que se ha sabido que N\u00fa\u00f1ez Feij\u00f3o estrenar\u00e1 la presidencia del PP con uno de Vox en la vicepresidencia del gobierno de Castilla y Le\u00f3n, solo hab\u00eda escuchado llamar \u201cultraderecha\u201d a los de Vox en los medios de comunicaci\u00f3n a que me refer\u00eda. Al margen, da que pensar el Abascal que hace un mes proclamaba la \u201ccara de vicepresidente que se le estaba poniendo\u201d a su candidato, una amenaza m\u00e1s que insinuada de noche electoral que, sin duda, un PP debilitado por la peor crisis de toda su historia ha ayudado a convertir en realidad.&nbsp;<\/p>\n\n\n\n<p>Abascal y los suyos pertenecen a la ultraderecha espa\u00f1olista, pero el nombre que permite diferenciarla de otras especies de las que pueblan la misma tendencia pol\u00edtica es el de \u201cfranquista\u201d.<\/p>\n\n\n\n<p>Desde aquel exceso, repetido en el Congreso, de que el de S\u00e1nchez era el peor gobierno en 80 a\u00f1os, hasta las muchas ocasiones en las que los de Vox, la mayor\u00eda en compa\u00f1\u00eda del PP, se han negado a participar en homenajes a los represaliados por el franquismo, son innumerables las ocasiones en las que ambos partidos han confirmado su elecci\u00f3n por los colaboradores con el golpe del 18 de julio y la dictadura, pues no es posible estar con las v\u00edctimas y con sus asesinos al mismo tiempo, y tanto el PP como Vox se colocan, salvo excepciones, siempre del lado de los segundos. C\u00f3mo no recordar a Rajoy presumiendo de no haber gastado ni un euro en el cumplimiento de la Ley de Memoria Hist\u00f3rica.&nbsp;<\/p>\n\n\n\n<p>De repente, y en medio de tanto equilibrio para no llamar a los de Abascal por su nombre m\u00e1s preciso, ha ocurrido que Donald Tusk, jefe de los \u00abpopulares\u00bb europeos y antes presidente del Consejo de Europa, reaccion\u00f3 con dureza, llegando a afirmar que \u201cPablo Casado era la garant\u00eda frente a Vox\u201d, lo que nos ha permitido descubrir quien le ayudaba m\u00e1s con tanto viaje del a\u00fan presidente del PP por Europa para desacreditar a S\u00e1nchez y su gobierno.<\/p>\n\n\n\n<p>Probablemente espoleado por Tusk, lo que Pedro S\u00e1nchez declar\u00f3 acto seguido fue que \u201ch<em>emos visto en una agencia de informaci\u00f3n internacional un titular muy grave, y es decir que la ultraderecha, por primera vez desde Franco, va a poder participar en un Gobierno auton\u00f3mico. Esto es lo que piensa el mundo de lo sucedido en Castilla y Le\u00f3n<\/em>\u201d.<\/p>\n\n\n\n<p>A pesar de que nadie puede negar la existencia en Espa\u00f1a de lo que los expertos denominan \u00abfranquismo sociol\u00f3gico\u00bb, los pol\u00edticos espa\u00f1oles, incluidos los de izquierdas, llevan estas m\u00e1s de cuatro d\u00e9cadas de monarqu\u00eda con urnas neg\u00e1ndose a llamar por su nombre m\u00e1s correcto, el de franquistas, a los pol\u00edticos que han ocupado el espacio de la derecha espa\u00f1olista desde la muerte del dictador,&nbsp;como si la pol\u00edtica no fuera un destilado de la sociolog\u00eda, en ocasiones de lo peor.<br><\/p>\n\n\n\n<p>Y es que no hay peor ciego que el que no quiere ver, cuando hasta las casualidades, o no, ayudan a comprender sorpresas como la de encontrar franquistas en un gobierno, tanto tiempo despu\u00e9s.<\/p>\n\n\n\n<p>Hay muchos espa\u00f1oles a quienes no les sorprende tanto como a Tusk la composici\u00f3n del nuevo gobierno de Castilla y Le\u00f3n, pues es el primer territorio en el que lo consiguen y no solo no han olvidado que Burgos fue la capital que el dictador eligi\u00f3 dos d\u00edas despu\u00e9s del golpe de Estado para su \u201czona nacional\u201d, sino que incluso es burgal\u00e9s Garc\u00eda Gallardo, quien pronto ser\u00e1 vicepresidente de ese gobierno castellano.<\/p>\n\n\n\n<p>Quedamos a la espera de comprobar si, tras la osad\u00eda del presidente S\u00e1nchez, hay periodistas relevantes que tambi\u00e9n comienzan a llamar por su nombre m\u00e1s espa\u00f1ol al partido Vox y a los pol\u00edticos que lo llenan, en medio de la crisis de un PP que, por mucho gallego que vuelva a dirigirlo, no es f\u00e1cil que se contenga.<\/p>\n\n\n\n<p><span style=\"background-color:#0d0101\" class=\"td_text_highlight_marker\">Domingo Sanz<\/span><\/p>\n","protected":false},"excerpt":{"rendered":"<p>Ayer, 12 de marzo, escrib\u00ed \u201cS\u00e1nchez dice Franco\u201d en el buscador de Internet y todas las noticias que aparec\u00edan en la primera pantalla se refer\u00edan a a\u00f1os anteriores y versaban sobre la exhumaci\u00f3n de los restos del dictador en el que siempre ser\u00e1 su Valle de los Ca\u00eddos, pues los que pretenden resignificaciones, por mucho [&hellip;]<\/p>\n","protected":false},"author":2,"featured_media":4803,"comment_status":"open","ping_status":"open","sticky":false,"template":"","format":"standard","meta":{"footnotes":""},"categories":[139],"tags":[],"class_list":{"0":"post-4802","1":"post","2":"type-post","3":"status-publish","4":"format-standard","5":"has-post-thumbnail","7":"category-opinio"},"_links":{"self":[{"href":"https:\/\/www.areabesos.com\/diario\/wp-json\/wp\/v2\/posts\/4802","targetHints":{"allow":["GET"]}}],"collection":[{"href":"https:\/\/www.areabesos.com\/diario\/wp-json\/wp\/v2\/posts"}],"about":[{"href":"https:\/\/www.areabesos.com\/diario\/wp-json\/wp\/v2\/types\/post"}],"author":[{"embeddable":true,"href":"https:\/\/www.areabesos.com\/diario\/wp-json\/wp\/v2\/users\/2"}],"replies":[{"embeddable":true,"href":"https:\/\/www.areabesos.com\/diario\/wp-json\/wp\/v2\/comments?post=4802"}],"version-history":[{"count":2,"href":"https:\/\/www.areabesos.com\/diario\/wp-json\/wp\/v2\/posts\/4802\/revisions"}],"predecessor-version":[{"id":4805,"href":"https:\/\/www.areabesos.com\/diario\/wp-json\/wp\/v2\/posts\/4802\/revisions\/4805"}],"wp:featuredmedia":[{"embeddable":true,"href":"https:\/\/www.areabesos.com\/diario\/wp-json\/wp\/v2\/media\/4803"}],"wp:attachment":[{"href":"https:\/\/www.areabesos.com\/diario\/wp-json\/wp\/v2\/media?parent=4802"}],"wp:term":[{"taxonomy":"category","embeddable":true,"href":"https:\/\/www.areabesos.com\/diario\/wp-json\/wp\/v2\/categories?post=4802"},{"taxonomy":"post_tag","embeddable":true,"href":"https:\/\/www.areabesos.com\/diario\/wp-json\/wp\/v2\/tags?post=4802"}],"curies":[{"name":"wp","href":"https:\/\/api.w.org\/{rel}","templated":true}]}}