{"id":4794,"date":"2022-03-09T11:54:23","date_gmt":"2022-03-09T10:54:23","guid":{"rendered":"http:\/\/www.areabesos.com\/diario\/?p=4794"},"modified":"2022-03-09T11:54:23","modified_gmt":"2022-03-09T10:54:23","slug":"exposicio-del-fotograf-txema-lacunza-a-lagrupacio-fotografica","status":"publish","type":"post","link":"https:\/\/www.areabesos.com\/diario\/exposicio-del-fotograf-txema-lacunza-a-lagrupacio-fotografica\/","title":{"rendered":"Exposici\u00f3 del fot\u00f2graf Txema Lacunza a l&#8217;Agrupaci\u00f3 Fotogr\u00e0fica"},"content":{"rendered":"\n<p>L&#8217;Agrupaci\u00f3 Fotogr\u00e0fica Sant Adri\u00e0 de Bes\u00f2s inaugura dem\u00e0 dijous, 10 de mar\u00e7, a les 19.30 hores, l&#8217;exposici\u00f3 \u00abSiluetas\u00bb, del fot\u00f2graf Txema Lacunza, natural de Sabadell. En aquesta mostra, intenta mostrar la interacci\u00f3 i relaci\u00f3 existenet entre l&#8217;home i el paissatge i\/o l&#8217;arquitectura que que l&#8217;envolta amb unes simples siluetes. A la majoria de fotografies ha intentat \u00abtreure import\u00e0ncia a l&#8217;activitat humana i que la figura nom\u00e9s sigui una refer\u00e8ncia dins dels llocs on est\u00e0 ubicada\u00bb.<\/p>\n\n\n\n<p>   <\/p>\n\n\n\n<div><a href=\"https:\/\/www.areabesos.com\/diario\/wp-content\/uploads\/2022\/03\/Txema-Lacunza-2.jpg\" class=\"td-modal-image\"><figure class=\"wp-block-image size-full\"><img loading=\"lazy\" decoding=\"async\" width=\"800\" height=\"800\" src=\"https:\/\/www.areabesos.com\/diario\/wp-content\/uploads\/2022\/03\/Txema-Lacunza-2.jpg\" alt=\"\" class=\"wp-image-4795\" srcset=\"https:\/\/www.areabesos.com\/diario\/wp-content\/uploads\/2022\/03\/Txema-Lacunza-2.jpg 800w, https:\/\/www.areabesos.com\/diario\/wp-content\/uploads\/2022\/03\/Txema-Lacunza-2-300x300.jpg 300w, https:\/\/www.areabesos.com\/diario\/wp-content\/uploads\/2022\/03\/Txema-Lacunza-2-150x150.jpg 150w, https:\/\/www.areabesos.com\/diario\/wp-content\/uploads\/2022\/03\/Txema-Lacunza-2-768x768.jpg 768w, https:\/\/www.areabesos.com\/diario\/wp-content\/uploads\/2022\/03\/Txema-Lacunza-2-696x696.jpg 696w\" sizes=\"auto, (max-width: 800px) 100vw, 800px\" \/><\/figure><\/a><\/div>\n\n\n\n<p>L&#8217;exposici\u00f3 \u00abSiluetas\u00bb es pot visitar a la sala d&#8217;exposicions Joan Vila i Plana de l&#8217;Agrupaci\u00f3 Fotogr\u00e0fica Sant Adri\u00e0 (c. Dr. Barraquer, 6, baixos) fins el 31 de mar\u00e7, de dilluns a dijous, de 18.30 a 20.30 hores. <\/p>\n","protected":false},"excerpt":{"rendered":"<p>L&#8217;Agrupaci\u00f3 Fotogr\u00e0fica Sant Adri\u00e0 de Bes\u00f2s inaugura dem\u00e0 dijous, 10 de mar\u00e7, a les 19.30 hores, l&#8217;exposici\u00f3 \u00abSiluetas\u00bb, del fot\u00f2graf Txema Lacunza, natural de Sabadell. En aquesta mostra, intenta mostrar la interacci\u00f3 i relaci\u00f3 existenet entre l&#8217;home i el paissatge i\/o l&#8217;arquitectura que que l&#8217;envolta amb unes simples siluetes. A la majoria de fotografies ha [&hellip;]<\/p>\n","protected":false},"author":1,"featured_media":4796,"comment_status":"open","ping_status":"open","sticky":false,"template":"","format":"standard","meta":{"footnotes":""},"categories":[134,136],"tags":[],"class_list":{"0":"post-4794","1":"post","2":"type-post","3":"status-publish","4":"format-standard","5":"has-post-thumbnail","7":"category-actualitat","8":"category-cultura"},"_links":{"self":[{"href":"https:\/\/www.areabesos.com\/diario\/wp-json\/wp\/v2\/posts\/4794","targetHints":{"allow":["GET"]}}],"collection":[{"href":"https:\/\/www.areabesos.com\/diario\/wp-json\/wp\/v2\/posts"}],"about":[{"href":"https:\/\/www.areabesos.com\/diario\/wp-json\/wp\/v2\/types\/post"}],"author":[{"embeddable":true,"href":"https:\/\/www.areabesos.com\/diario\/wp-json\/wp\/v2\/users\/1"}],"replies":[{"embeddable":true,"href":"https:\/\/www.areabesos.com\/diario\/wp-json\/wp\/v2\/comments?post=4794"}],"version-history":[{"count":1,"href":"https:\/\/www.areabesos.com\/diario\/wp-json\/wp\/v2\/posts\/4794\/revisions"}],"predecessor-version":[{"id":4797,"href":"https:\/\/www.areabesos.com\/diario\/wp-json\/wp\/v2\/posts\/4794\/revisions\/4797"}],"wp:featuredmedia":[{"embeddable":true,"href":"https:\/\/www.areabesos.com\/diario\/wp-json\/wp\/v2\/media\/4796"}],"wp:attachment":[{"href":"https:\/\/www.areabesos.com\/diario\/wp-json\/wp\/v2\/media?parent=4794"}],"wp:term":[{"taxonomy":"category","embeddable":true,"href":"https:\/\/www.areabesos.com\/diario\/wp-json\/wp\/v2\/categories?post=4794"},{"taxonomy":"post_tag","embeddable":true,"href":"https:\/\/www.areabesos.com\/diario\/wp-json\/wp\/v2\/tags?post=4794"}],"curies":[{"name":"wp","href":"https:\/\/api.w.org\/{rel}","templated":true}]}}