{"id":4791,"date":"2022-03-09T11:41:36","date_gmt":"2022-03-09T10:41:36","guid":{"rendered":"http:\/\/www.areabesos.com\/diario\/?p=4791"},"modified":"2022-03-15T12:53:51","modified_gmt":"2022-03-15T11:53:51","slug":"tanatori-del-litoral-renova-la-col%c2%b7laboracio-ambel-programa-vitamina","status":"publish","type":"post","link":"https:\/\/www.areabesos.com\/diario\/tanatori-del-litoral-renova-la-col%c2%b7laboracio-ambel-programa-vitamina\/","title":{"rendered":"Tanatori del Litoral renova la col\u00b7laboraci\u00f3 amb el programa Vitamina"},"content":{"rendered":"\n<p>Tanatori del Litoral ha renovat l\u2019acord de col\u00b7laboraci\u00f3 que mant\u00e9 amb la Fundaci\u00f3 Carta de la Pau dirigida a l\u2019ONU per donar suport, un any m\u00e9s, al projecte Vitamina, lideratge \u00e8tic i transformaci\u00f3 social, un programa de formaci\u00f3 experiencial que empodera directament els adolescents en risc d\u2019exclusi\u00f3 social del barri de Sant Joan Baptista de Sant Adri\u00e0 de Bes\u00f2s.<br>Tal com explica Xavi Prats, responsable de Tanatori del Litoral, \u201csom conscients de la import\u00e0ncia de col\u00b7laborar amb les entitats que treballen a la ciutat i que coneixen a fons el territori, per poder contribuir a donar una resposta real a les necessitats de les persones i als reptes que ens depara la societat\u201d. La participaci\u00f3 de Tanatori del Litoral en projectes com el Vitamina, \u201cneix de la voluntat per refor\u00e7ar el nostre comprom\u00eds amb la ciutadania, en l\u00ednia amb la vocaci\u00f3 que tenim d\u2019acompanyar i donar suport a les persones en un dels moments m\u00e9s complexos de la vida\u201d, afegeix Prats.<br>El suport de Tanatori del Litoral representa un impuls econ\u00f2mic per al projecte Vitamina al llarg de 2022. A m\u00e9s, l\u2019acord tamb\u00e9 involucra el centre en diverses accions que es duran a terme durant aquest curs. Des de la Fundaci\u00f3 Carta de la Pau dirigida a l\u2019ONU remarquen que \u201cla sinergia entre les dues entitats permet seguir sumant dedicaci\u00f3 i recursos per fer possible l\u2019assoliment de diversos Objectius de Desenvolupament Sostenible (ODS) de l\u2019ONU\u201d. En concret, a trav\u00e9s d\u2019aquest acord, el programa pot donar compliment als ODS relatius a la Reducci\u00f3 de les desigualtats (10), les Ciutats i comunitats sostenibles (11), les Societats pac\u00edfiques i justes (16) i les Aliances per assolir els ODS (17). El Vitamina representa en tot moment un model de lideratge \u00e8tic i de la cura (Ethical &amp; Care Leadership) per als joves, les fam\u00edlies i llurs entorns, amb el prop\u00f2sit de contribuir a unes societats m\u00e9s cohesionades, justes i inclusives.<br>Sobre el programa Vitamina El Programa Vitamina, impulsat per Fundaci\u00f3 Carta de la Pau dirigida a l\u2019ONU, \u00e9s una formaci\u00f3 experiencial en habilitats socials i emocionals dirigida a adolescents d\u2019entre 13 i 17 anys. Durant 4 anys, es treballen de forma anual 12 capacitats diferents de lideratge \u00e8tic d\u2019acord amb els valors escollits. Basant-se en la metodologia del Training Group (T-Group) o grup d\u2019entrenament, es facilita el proc\u00e9s grupal a trav\u00e9s de<br>t\u00e8cniques i activitats especialment pensades per a aconseguir els objectius marcats. Cada setmana es realitza una hora i mitja de sessi\u00f3 per a tot el grup i, a m\u00e9s, al llarg del curs, es fan sessions d\u2019expert, sortides d\u2019impacte i el VITAcampus d\u2019estiu de 5 dies. I seguint la visi\u00f3 sist\u00e8mica, tamb\u00e9 es duen a terme sessions mensuals amb els familiars de les i els joves del Programa Vitamina.<br>El Programa Vitamina ja compta amb 7 anys de treball amb joves del barri de la Mina de Sant Adri\u00e0 de Bes\u00f2s i s\u2019ha anat irradiant a altres barris amb risc d\u2019exclusi\u00f3 social d\u2019aquest municipi i altres ciutats com Matar\u00f3, Santa Coloma de Gramenet, Tarragona o Cambrils. Al llarg de tots aquests anys de treball, el programa ha empoderat uns 213 joves i llurs fam\u00edlies per ser motors de transformaci\u00f3 social i llavors de pacificaci\u00f3 d\u2019entorns conflictius que pateixen greus situacions de desigualtat i injust\u00edcia social. Gr\u00e0cies al suport d\u2019entitats com Tanatori del Litoral, la tasca del Programa Vitamina es pot fer realitat any rere any i<br>arribar cada cop a m\u00e9s joves.<\/p>\n\n\n\n<p> <\/p>\n","protected":false},"excerpt":{"rendered":"<p>Tanatori del Litoral ha renovat l\u2019acord de col\u00b7laboraci\u00f3 que mant\u00e9 amb la Fundaci\u00f3 Carta de la Pau dirigida a l\u2019ONU per donar suport, un any m\u00e9s, al projecte Vitamina, lideratge \u00e8tic i transformaci\u00f3 social, un programa de formaci\u00f3 experiencial que empodera directament els adolescents en risc d\u2019exclusi\u00f3 social del barri de Sant Joan Baptista de [&hellip;]<\/p>\n","protected":false},"author":2,"featured_media":4792,"comment_status":"open","ping_status":"open","sticky":false,"template":"","format":"standard","meta":{"footnotes":""},"categories":[134,135],"tags":[],"class_list":{"0":"post-4791","1":"post","2":"type-post","3":"status-publish","4":"format-standard","5":"has-post-thumbnail","7":"category-actualitat","8":"category-societat"},"_links":{"self":[{"href":"https:\/\/www.areabesos.com\/diario\/wp-json\/wp\/v2\/posts\/4791","targetHints":{"allow":["GET"]}}],"collection":[{"href":"https:\/\/www.areabesos.com\/diario\/wp-json\/wp\/v2\/posts"}],"about":[{"href":"https:\/\/www.areabesos.com\/diario\/wp-json\/wp\/v2\/types\/post"}],"author":[{"embeddable":true,"href":"https:\/\/www.areabesos.com\/diario\/wp-json\/wp\/v2\/users\/2"}],"replies":[{"embeddable":true,"href":"https:\/\/www.areabesos.com\/diario\/wp-json\/wp\/v2\/comments?post=4791"}],"version-history":[{"count":2,"href":"https:\/\/www.areabesos.com\/diario\/wp-json\/wp\/v2\/posts\/4791\/revisions"}],"predecessor-version":[{"id":4809,"href":"https:\/\/www.areabesos.com\/diario\/wp-json\/wp\/v2\/posts\/4791\/revisions\/4809"}],"wp:featuredmedia":[{"embeddable":true,"href":"https:\/\/www.areabesos.com\/diario\/wp-json\/wp\/v2\/media\/4792"}],"wp:attachment":[{"href":"https:\/\/www.areabesos.com\/diario\/wp-json\/wp\/v2\/media?parent=4791"}],"wp:term":[{"taxonomy":"category","embeddable":true,"href":"https:\/\/www.areabesos.com\/diario\/wp-json\/wp\/v2\/categories?post=4791"},{"taxonomy":"post_tag","embeddable":true,"href":"https:\/\/www.areabesos.com\/diario\/wp-json\/wp\/v2\/tags?post=4791"}],"curies":[{"name":"wp","href":"https:\/\/api.w.org\/{rel}","templated":true}]}}