{"id":4786,"date":"2022-03-08T10:56:03","date_gmt":"2022-03-08T09:56:03","guid":{"rendered":"http:\/\/www.areabesos.com\/diario\/?p=4786"},"modified":"2022-03-08T10:56:05","modified_gmt":"2022-03-08T09:56:05","slug":"guerras-corredores-humanitarios-o-desbandadas-y-simbolos-contra-el-futuro","status":"publish","type":"post","link":"https:\/\/www.areabesos.com\/diario\/guerras-corredores-humanitarios-o-desbandadas-y-simbolos-contra-el-futuro\/","title":{"rendered":"Guerras,  corredores humanitarios o desbandadas y s\u00edmbolos contra el futuro"},"content":{"rendered":"\n<p>Ojal\u00e1 no suceda, pero si Putin gana es probable que, en 2032, por ejemplo, visite Kiev en olor de sus multitudes y los nuevos jefes locales convoquen una colecta para regalarle un monumento en recuerdo de los soldados rusos ca\u00eddos en la guerra que \u00e9l inici\u00f3 diez a\u00f1os antes. Alguien recordar\u00e1 entonces que aquellos soldados impidieron que personas cargadas de ni\u00f1os, maletas y legalidad ucraniana pudieran huir por los corredores humanitarios previamente pactados, pero dar\u00e1 lo mismo porque \u201cagua pasada no mueve molino\u201d.<\/p>\n\n\n\n<p>Podemos imaginar un futuro as\u00ed, o parecido, al recordar que Franco gan\u00f3 y en 1947 visit\u00f3 Palma en olor de sus multitudes, donde los nuevos jefes de Mallorca hab\u00edan convocado una colecta para regalarle un monumento en recuerdo de los militares que fallecieron cuando el crucero \u201cBaleares\u201d fue hundido en acto de guerra, aunque un a\u00f1o antes, en 1937, disparaban contra personas que avanzaban despacio, desarmadas y cargadas de ni\u00f1os, maletas y legalidad republicana por el camino costero que une M\u00e1laga y Almer\u00eda. Hu\u00edan de la represi\u00f3n que los franquistas aplicaban sin piedad en cualquier poblaci\u00f3n que cayera en su poder. Aquel buque de la Armada franquista se acercaba tanto a la costa que los marinos pod\u00edan ver la desesperaci\u00f3n dibujada en los rostros de los caminantes que iban asesinando a ca\u00f1onazos.<\/p>\n\n\n\n<p>Aquel crimen contra la humanidad perpetrado por el Ej\u00e9rcito espa\u00f1ol se conoce como \u201cla desband\u00e1\u201d, pero el monolito que \u201cregalaron\u201d al dictador sigue enhiesto en un parque llamado sa Feixina, a menos de cien metros de un colegio en el centro de Palma. A\u00f1os lleva su Ayuntamiento intentando desmontar de forma civilizada ese s\u00edmbolo a lo peor del ser humano, pero los jueces lo impiden a pesar de la Ley de Memoria Hist\u00f3rica. Coinciden con tales jueces los pol\u00edticos del PP y Vox de la capital balear, que hace una semana se ausentaron del breve homenaje institucional al alcalde Darder y otras v\u00edctimas de los franquistas, o de los de ambos partidos en el Ayuntamiento de Madrid, donde acaban de reponer el nombre de \u201cCrucero Baleares\u201d a una calle de la que se hab\u00eda retirado, en aplicaci\u00f3n de la misma ley.<\/p>\n\n\n\n<p>En cambio, en enero de 2019 alguien derrib\u00f3 a martillazos el monumento que, tambi\u00e9n en recuerdo del mismo crucero, se instal\u00f3 en 1958 en Ond\u00e1rroa, en el Pa\u00eds Vasco, y, de momento, nadie con autoridad bastante ha ordenado que se reconstruya.<\/p>\n\n\n\n<p>Los defensores de que tales s\u00edmbolos se conserven argumentan que forman parte de la historia y que ayudan a recordarla, algunos precisando que es para que no se repita. Hay quienes son partidarios de resignificarlos, como ocurri\u00f3 en 2010 con el citado monolito de sa Feixina durante un mandato del PSOE.<\/p>\n\n\n\n<p>Pero los hechos demuestran que, ni el mantenimiento de los s\u00edmbolos que exaltan cr\u00edmenes ni la pretensi\u00f3n de resignificarlos consiguen que la sociedad pueda abordar con libertad, que es la \u00fanica manera aceptable de hacerlo, el conocimiento de su pasado all\u00e1 donde debe y puede iniciarse: en los centros educativos. \u201cDebe\u201d, porque sea cual sea la profundidad con la que se estudie cualquier hecho hist\u00f3rico, debe siempre respetar y destacar toda la verdad. Y \u201cpuede\u201d, porque ante el alumnado el profesor est\u00e1 investido de la autoridad leg\u00edtima y necesaria para garantizarlo.<\/p>\n\n\n\n<p>Pero lo que ocurre es muy distinto. Los expertos que han investigado nos cuentan que, m\u00e1s de 80 a\u00f1os despu\u00e9s de aquella guerra y con los principales s\u00edmbolos erigidos por los vencedores, v\u00e9ase Valle de los Ca\u00eddos, intactos para \u201cayudarnos a recordar\u201d, resulta que miles de estudiantes de Educaci\u00f3n Secundaria Obligatoria se quedan cada a\u00f1o sin recibir y poder aprender las lecciones correspondientes al siglo XX de Espa\u00f1a, especialmente a partir de la tercera d\u00e9cada, aunque por ley est\u00e1n incluidas en el programa. Antes o despu\u00e9s de Semana Santa los profesores les dicen a sus alumnos que \u201cno habr\u00e1 tiempo para exponer en clase esa parte de la historia de Espa\u00f1a\u201d.<\/p>\n\n\n\n<p>Ahora recuerdo que comenc\u00e9 a escribir esto pensando en el futuro de los ucranianos y los rusos despu\u00e9s de esta guerra.<\/p>\n\n\n\n<p>Ojal\u00e1 no suceda, pero si Putin la gana y le regalan monumentos, es probable que dentro de un siglo ambas sociedades se parezcan a la nuestra, donde a millones de personas no les importa que partidos de gobierno se corrompan, que a la mayor\u00eda del Parlamento no le importe que el rey sea un delincuente impune y que pol\u00edticamente les mueva la convicci\u00f3n de que el peor pasado es una especie de \u201cagua de la que no mueve molino\u201d pero, en cambio, s\u00ed sirve para detener el futuro, impidiendo el avance y la consolidaci\u00f3n de las libertades porque la ense\u00f1anza correcta de su propia historia fue imposible durante generaciones y, por tanto, sigue vivo el peligro de que regresen con toda su fuerza y su instinto criminal los peores autoritarios.\u00a0<\/p>\n\n\n\n<p><span style=\"background-color:#0e0000\" class=\"td_text_highlight_marker\">Domingo Sanz<\/span><\/p>\n","protected":false},"excerpt":{"rendered":"<p>Ojal\u00e1 no suceda, pero si Putin gana es probable que, en 2032, por ejemplo, visite Kiev en olor de sus multitudes y los nuevos jefes locales convoquen una colecta para regalarle un monumento en recuerdo de los soldados rusos ca\u00eddos en la guerra que \u00e9l inici\u00f3 diez a\u00f1os antes. Alguien recordar\u00e1 entonces que aquellos soldados [&hellip;]<\/p>\n","protected":false},"author":2,"featured_media":4787,"comment_status":"open","ping_status":"open","sticky":false,"template":"","format":"standard","meta":{"footnotes":""},"categories":[139],"tags":[],"class_list":{"0":"post-4786","1":"post","2":"type-post","3":"status-publish","4":"format-standard","5":"has-post-thumbnail","7":"category-opinio"},"_links":{"self":[{"href":"https:\/\/www.areabesos.com\/diario\/wp-json\/wp\/v2\/posts\/4786","targetHints":{"allow":["GET"]}}],"collection":[{"href":"https:\/\/www.areabesos.com\/diario\/wp-json\/wp\/v2\/posts"}],"about":[{"href":"https:\/\/www.areabesos.com\/diario\/wp-json\/wp\/v2\/types\/post"}],"author":[{"embeddable":true,"href":"https:\/\/www.areabesos.com\/diario\/wp-json\/wp\/v2\/users\/2"}],"replies":[{"embeddable":true,"href":"https:\/\/www.areabesos.com\/diario\/wp-json\/wp\/v2\/comments?post=4786"}],"version-history":[{"count":1,"href":"https:\/\/www.areabesos.com\/diario\/wp-json\/wp\/v2\/posts\/4786\/revisions"}],"predecessor-version":[{"id":4788,"href":"https:\/\/www.areabesos.com\/diario\/wp-json\/wp\/v2\/posts\/4786\/revisions\/4788"}],"wp:featuredmedia":[{"embeddable":true,"href":"https:\/\/www.areabesos.com\/diario\/wp-json\/wp\/v2\/media\/4787"}],"wp:attachment":[{"href":"https:\/\/www.areabesos.com\/diario\/wp-json\/wp\/v2\/media?parent=4786"}],"wp:term":[{"taxonomy":"category","embeddable":true,"href":"https:\/\/www.areabesos.com\/diario\/wp-json\/wp\/v2\/categories?post=4786"},{"taxonomy":"post_tag","embeddable":true,"href":"https:\/\/www.areabesos.com\/diario\/wp-json\/wp\/v2\/tags?post=4786"}],"curies":[{"name":"wp","href":"https:\/\/api.w.org\/{rel}","templated":true}]}}