{"id":4781,"date":"2022-03-07T13:37:12","date_gmt":"2022-03-07T12:37:12","guid":{"rendered":"http:\/\/www.areabesos.com\/diario\/?p=4781"},"modified":"2022-03-07T13:37:42","modified_gmt":"2022-03-07T12:37:42","slug":"campana-solidaria-desde-sant-adria-para-ayudar-a-la-poblacion-de-ucrania","status":"publish","type":"post","link":"https:\/\/www.areabesos.com\/diario\/campana-solidaria-desde-sant-adria-para-ayudar-a-la-poblacion-de-ucrania\/","title":{"rendered":"Campa\u00f1a solidaria desde Sant Adri\u00e0 para ayudar a la poblaci\u00f3n de Ucrania"},"content":{"rendered":"\n<p>Son muchas las campa\u00f1as solidarias con el pueblo ucraniano desde que el pasado 24 de febrero comenzara la invasi\u00f3n rusa del pa\u00eds. Desde Sant Adri\u00e0 de Bes\u00f2s se ha iniciado una que tiene como protagonista a Peluofertas.com, una web de productos de belleza y accesorios de peluquer\u00eda. Sergio, adrianense y uno de sus responsables, decidi\u00f3 que no pod\u00eda quedarse de brazos cruzados ante lo que estaba sucediendo en Ucrania. Adem\u00e1s, el tema le tocaba de cerca. Marta, vecina y amiga, forma parte de la ONG \u00c9s per tu y es madre de acogida de un ni\u00f1o ucraniano de la zona de Iv\u00e1nkiv y Chern\u00f3bil. Para poder ayudar a los afectados por el conflicto decidi\u00f3 crear una campa\u00f1a para llevar material de higiene y protecci\u00f3n hasta Ucrania y para traer a Catalunya a ni\u00f1os y ni\u00f1as ucranianos.<\/p>\n\n\n\n<p>La campa\u00f1a consiste en una caja solidaria que puede adquirirse en su web <a href=\"https:\/\/peluofertas.com\/products\/kit-ayuda-ucrania\" target=\"_blank\" rel=\"noreferrer noopener\">www.peluofertas.com<\/a> aportando 1, 5, 10 o 20 euros con la que se enviar\u00e1n productos de higiene personal y sanitarios (mascarillas, gel hidroalcoh\u00f3lico, medicamentos, desinfectantes, guantes, champ\u00fas, etc.) as\u00ed como todo lo que el pueblo ucraniano necesite. Adem\u00e1s, destinar\u00e1n el 3% de la facturaci\u00f3n total de la web para sufragar los gastos de log\u00edstica y el env\u00edo de todo lo recogido. Tambi\u00e9n cuentan con la colaboraci\u00f3n de la ONG Peluqueros sin Fronteras, que est\u00e1 haciendo un llamamiento entre sus proveedores para recoger material. \u00a0\u00a0<\/p>\n\n\n\n<div><a href=\"https:\/\/www.areabesos.com\/diario\/wp-content\/uploads\/2022\/03\/ajudaUcrania02-768x1024.jpeg\" class=\"td-modal-image\"><figure class=\"wp-block-image size-large\"><img loading=\"lazy\" decoding=\"async\" width=\"768\" height=\"1024\" src=\"https:\/\/www.areabesos.com\/diario\/wp-content\/uploads\/2022\/03\/ajudaUcrania02-768x1024.jpeg\" alt=\"\" class=\"wp-image-4782\" srcset=\"https:\/\/www.areabesos.com\/diario\/wp-content\/uploads\/2022\/03\/ajudaUcrania02-768x1024.jpeg 768w, https:\/\/www.areabesos.com\/diario\/wp-content\/uploads\/2022\/03\/ajudaUcrania02-225x300.jpeg 225w, https:\/\/www.areabesos.com\/diario\/wp-content\/uploads\/2022\/03\/ajudaUcrania02-150x200.jpeg 150w, https:\/\/www.areabesos.com\/diario\/wp-content\/uploads\/2022\/03\/ajudaUcrania02-300x400.jpeg 300w, https:\/\/www.areabesos.com\/diario\/wp-content\/uploads\/2022\/03\/ajudaUcrania02-696x928.jpeg 696w, https:\/\/www.areabesos.com\/diario\/wp-content\/uploads\/2022\/03\/ajudaUcrania02.jpeg 900w\" sizes=\"auto, (max-width: 768px) 100vw, 768px\" \/><figcaption>Una remesa de mascarillas donada para la campa\u00f1a y que ser\u00e1 enviada a Ucrania.<\/figcaption><\/figure><\/a><\/div>\n\n\n\n<p>\u00c9s per tu, que es quien contacta con la poblaci\u00f3n ucraniana y transmite sus necesidades, est\u00e1 trabajando para traer a la mayor cantidad de ni\u00f1os y ni\u00f1as de zonas como Chern\u00f3bil, algo que llevan haciendo desde hace m\u00e1s de 20 a\u00f1os. Varias familias de acogida reciben en Catalunya a trav\u00e9s de esta ONG a decenas de menores ucranianos que proceden de las aldeas cercanas a la central nuclear y la ciudad de Iv\u00e1nkiv y que no pudieron abandonar sus casas tras el accidente en 1986 por la situaci\u00f3n econ\u00f3mica de sus familias. Durante las vacaciones de Navidad y verano pueden salir de ese entorno y mejorar su esperanza de vida al estar alejados de la contaminaci\u00f3n nuclear y reducir la radiaci\u00f3n en su organismo, as\u00ed como poder disfrutar de su infancia. O incluso estudiar, como es el caso de \u00d3lex, el ni\u00f1o de 10 a\u00f1os que acogen Marta y su marido y que vive permanentemente en Sant Adri\u00e0 desde septiembre del a\u00f1o pasado. Con la invasi\u00f3n rusa la situaci\u00f3n en la zona de Iv\u00e1nkiv es insostenible. Sin agua, luz, calefacci\u00f3n, alimentos, las familias con las que contactan desde la ONG, cuando consiguen hablar con ellas, se esconden en pozos o en mitad del bosque con temperaturas g\u00e9lidas. Faltan medicamentos y sobre todo una forma de poder escapar y llegar a suelo seguro despu\u00e9s de que el puente de Iv\u00e1nkiv fuera destruido y la frontera con Polonia se encuentre a 1.000 kil\u00f3metros, ya que Bielorrusia, aliada de Putin, no es una opci\u00f3n, aunque sea la frontera m\u00e1s cercana. \u201cLa situaci\u00f3n en angustiosa\u201d, comenta Marta, que no sabe qu\u00e9 pasar\u00e1 con la familia de \u00d3lex, su madre y sus dos hermanas peque\u00f1as de 4 a\u00f1os y 11 meses que est\u00e1n atrapadas en Ucrania. Ni con el propio \u00d3lex, que en junio debe volver a su pa\u00eds, aunque su madre le haya rogado a Marta que se quede, que no vuelva a un pa\u00eds destruido por la guerra. &nbsp;&nbsp;&nbsp;&nbsp;&nbsp;&nbsp;&nbsp;&nbsp;&nbsp;<\/p>\n\n\n\n<p>La respuesta de la ciudadan\u00eda por ahora es muy satisfactoria. De hecho, algunos proveedores que trabajan con Peluofertas.com y con Peluqueros sin Fronteras ya est\u00e1n colaborando, como la empresa Global Solutions, que ha donado un palet de mascarillas, la empresa Kapalua Trading, que ha enviado varias cajas de champ\u00fas, o Elgon Espa\u00f1a. Adem\u00e1s, muchas familias se han ofrecido para acoger a los ni\u00f1os y ni\u00f1as cuando puedan salir de Ucrania y lleguen a Catalunya. Muy agradecida, Marta advierte que la acogida ser\u00e1 para largo y es un gran compromiso. \u201cSon ni\u00f1os que vienen con una mochila a sus espaldas, que han vivido cosas horribles\u201d. Antes de despedirnos nos pide que remarquemos que \u201cno olvidemos ninguna guerra, porque aunque esta nos toque de cerca, todas las guerras son importantes\u201d. &nbsp;<\/p>\n\n\n\n<p>La caja solidaria puede adquirirse en <a href=\"https:\/\/peluofertas.com\/products\/kit-ayuda-ucrania\" target=\"_blank\" rel=\"noreferrer noopener\">www.peluofertas.com<\/a>. Para m\u00e1s informaci\u00f3n, <a href=\"mailto:ayuda.urgenteucrania@gmail.com\">ayuda.urgenteucrania@gmail.com<\/a>. \u00a0\u00a0<\/p>\n\n\n\n<figure class=\"wp-block-embed is-type-video is-provider-youtube wp-block-embed-youtube wp-embed-aspect-16-9 wp-has-aspect-ratio\"><div class=\"wp-block-embed__wrapper\">\n<div class=\"youtube-embed\" data-video_id=\"EyhFFPutJJY\"><iframe loading=\"lazy\" title=\"peluofertas ayuda a ucrania con su caja solidaria\" width=\"696\" height=\"392\" src=\"https:\/\/www.youtube.com\/embed\/EyhFFPutJJY?feature=oembed&#038;enablejsapi=1\" frameborder=\"0\" allow=\"accelerometer; autoplay; clipboard-write; encrypted-media; gyroscope; picture-in-picture\" allowfullscreen><\/iframe><\/div>\n<\/div><figcaption>Video de presentaci\u00f3n de la campa\u00f1a en apoyo a la poblaci\u00f3n de Ucrania desde Sant Adri\u00e0.<\/figcaption><\/figure>\n","protected":false},"excerpt":{"rendered":"<p>Son muchas las campa\u00f1as solidarias con el pueblo ucraniano desde que el pasado 24 de febrero comenzara la invasi\u00f3n rusa del pa\u00eds. Desde Sant Adri\u00e0 de Bes\u00f2s se ha iniciado una que tiene como protagonista a Peluofertas.com, una web de productos de belleza y accesorios de peluquer\u00eda. Sergio, adrianense y uno de sus responsables, decidi\u00f3 [&hellip;]<\/p>\n","protected":false},"author":1,"featured_media":4783,"comment_status":"open","ping_status":"open","sticky":false,"template":"","format":"standard","meta":{"footnotes":""},"categories":[134,135],"tags":[],"class_list":{"0":"post-4781","1":"post","2":"type-post","3":"status-publish","4":"format-standard","5":"has-post-thumbnail","7":"category-actualitat","8":"category-societat"},"_links":{"self":[{"href":"https:\/\/www.areabesos.com\/diario\/wp-json\/wp\/v2\/posts\/4781","targetHints":{"allow":["GET"]}}],"collection":[{"href":"https:\/\/www.areabesos.com\/diario\/wp-json\/wp\/v2\/posts"}],"about":[{"href":"https:\/\/www.areabesos.com\/diario\/wp-json\/wp\/v2\/types\/post"}],"author":[{"embeddable":true,"href":"https:\/\/www.areabesos.com\/diario\/wp-json\/wp\/v2\/users\/1"}],"replies":[{"embeddable":true,"href":"https:\/\/www.areabesos.com\/diario\/wp-json\/wp\/v2\/comments?post=4781"}],"version-history":[{"count":2,"href":"https:\/\/www.areabesos.com\/diario\/wp-json\/wp\/v2\/posts\/4781\/revisions"}],"predecessor-version":[{"id":4785,"href":"https:\/\/www.areabesos.com\/diario\/wp-json\/wp\/v2\/posts\/4781\/revisions\/4785"}],"wp:featuredmedia":[{"embeddable":true,"href":"https:\/\/www.areabesos.com\/diario\/wp-json\/wp\/v2\/media\/4783"}],"wp:attachment":[{"href":"https:\/\/www.areabesos.com\/diario\/wp-json\/wp\/v2\/media?parent=4781"}],"wp:term":[{"taxonomy":"category","embeddable":true,"href":"https:\/\/www.areabesos.com\/diario\/wp-json\/wp\/v2\/categories?post=4781"},{"taxonomy":"post_tag","embeddable":true,"href":"https:\/\/www.areabesos.com\/diario\/wp-json\/wp\/v2\/tags?post=4781"}],"curies":[{"name":"wp","href":"https:\/\/api.w.org\/{rel}","templated":true}]}}